{"id":229928,"date":"2025-09-20T11:42:52","date_gmt":"2025-09-20T18:42:52","guid":{"rendered":"https:\/\/rnoticias.com.mx\/Portal\/?p=229928"},"modified":"2025-09-20T11:42:52","modified_gmt":"2025-09-20T18:42:52","slug":"infonavit-fija-precio-casas-del-programa-del-bienestar-costaran-630-mil-pesos","status":"publish","type":"post","link":"https:\/\/rnoticias.com.mx\/Portal\/2025\/09\/20\/infonavit-fija-precio-casas-del-programa-del-bienestar-costaran-630-mil-pesos\/","title":{"rendered":"Infonavit fija precio; casas del Programa del Bienestar costar\u00e1n 630 mil pesos"},"content":{"rendered":"<p>El Instituto del Fondo Nacional de la Vivienda para los Trabajadores (Infonavit) dio a conocer que el precio m\u00e1ximo de las casas que se construir\u00e1n bajo el programa del bienestar ser\u00e1 de 630 mil pesos.<\/p>\n<p>Asimismo, el Infonavit se\u00f1al\u00f3 que esta medida tiene como objetivo que los<strong>\u00a0hogares sean accesibles para las personas que desean adquirirlas, las cuales ganan entre uno a dos salarios m\u00ednimos.<\/strong><\/p>\n<p>Tambi\u00e9n, indic\u00f3 que &#8216;<strong>para establecer los precios de cada vivienda en el desarrollo se considerar\u00e1 el prototipo vertical, unifamiliar, d\u00faplex, cu\u00e1druplex o cualquier otro, y el piso de construcci\u00f3n dentro de la edificaci\u00f3n en el que se encuentra la vivienda&#8217;.<\/strong><\/p>\n<p>Este precio quedar\u00e1 registrado en el registro \u00fanico de vivienda, se plasmar\u00e1 en los documentos que genere el Infonavit durante la inscripci\u00f3n del cr\u00e9dito y, se informar\u00e1 para efectos de la escrituraci\u00f3n en el documento.<\/p>\n<p>Asimismo, detalla que la determinaci\u00f3n del precio m\u00e1ximo de las viviendas deber\u00e1 de ser igual para aquellas viviendas que tengan las mismas caracter\u00edsticas dentro del mismo conjunto habitacional,<strong>\u00a0pudiendo establecer diferencias en funci\u00f3n del piso en el que se encuentren.<\/strong><\/p>\n<p>Por \u00faltimo, afirm\u00f3 \u00a0que con base en los principios de asequibilidad y equidad de las presentes disposiciones, el c\u00e1lculo del precio de venta considerar\u00e1 estos elementos:<\/p>\n<ul>\n<li>Costos de urbanizaci\u00f3n, que incluyen: movimientos de tierra, rasantes, plataformas y pavimentos; las redes hidr\u00e1ulicas, sanitaria y de energ\u00eda el\u00e9ctrica; entre otros<\/li>\n<li>Costos de construcci\u00f3n o rehabilitaci\u00f3n de las viviendas<\/li>\n<li>Costos indirectos que incluyen gastos administrativos, estudios y proyectos<\/li>\n<li>Se\u00f1al\u00f3 que si el salario m\u00ednimo cambia en una regi\u00f3n se podr\u00e1 considerar un ajuste proporcional en estos precios<\/li>\n<\/ul>\n<p>&nbsp;<\/p>\n<p>Fuente: Milenio<\/p>\n","protected":false},"excerpt":{"rendered":"<p>El Instituto del Fondo Nacional de la Vivienda para los Trabajadores (Infonavit) dio a conocer que el precio m\u00e1ximo de las casas que se construir\u00e1n bajo el programa del bienestar ser\u00e1 de 630 mil pesos. Asimismo, el Infonavit se\u00f1al\u00f3 que esta medida tiene como objetivo que los\u00a0hogares sean accesibles para las personas que desean adquirirlas, [&hellip;]<\/p>\n","protected":false},"author":2,"featured_media":229929,"comment_status":"closed","ping_status":"closed","sticky":false,"template":"","format":"standard","meta":{"footnotes":""},"categories":[12870,172],"tags":[12865,12874],"class_list":["post-229928","post","type-post","status-publish","format-standard","has-post-thumbnail","hentry","category-destacadas","category-nacional","tag-destacadas","tag-nacional"],"jetpack_featured_media_url":"https:\/\/rnoticias.com.mx\/Portal\/wp-content\/uploads\/2025\/09\/Se-construiran-viviendas-en-Sinaloa.jpg","amp_enabled":true,"_links":{"self":[{"href":"https:\/\/rnoticias.com.mx\/Portal\/wp-json\/wp\/v2\/posts\/229928","targetHints":{"allow":["GET"]}}],"collection":[{"href":"https:\/\/rnoticias.com.mx\/Portal\/wp-json\/wp\/v2\/posts"}],"about":[{"href":"https:\/\/rnoticias.com.mx\/Portal\/wp-json\/wp\/v2\/types\/post"}],"author":[{"embeddable":true,"href":"https:\/\/rnoticias.com.mx\/Portal\/wp-json\/wp\/v2\/users\/2"}],"replies":[{"embeddable":true,"href":"https:\/\/rnoticias.com.mx\/Portal\/wp-json\/wp\/v2\/comments?post=229928"}],"version-history":[{"count":1,"href":"https:\/\/rnoticias.com.mx\/Portal\/wp-json\/wp\/v2\/posts\/229928\/revisions"}],"predecessor-version":[{"id":229930,"href":"https:\/\/rnoticias.com.mx\/Portal\/wp-json\/wp\/v2\/posts\/229928\/revisions\/229930"}],"wp:featuredmedia":[{"embeddable":true,"href":"https:\/\/rnoticias.com.mx\/Portal\/wp-json\/wp\/v2\/media\/229929"}],"wp:attachment":[{"href":"https:\/\/rnoticias.com.mx\/Portal\/wp-json\/wp\/v2\/media?parent=229928"}],"wp:term":[{"taxonomy":"category","embeddable":true,"href":"https:\/\/rnoticias.com.mx\/Portal\/wp-json\/wp\/v2\/categories?post=229928"},{"taxonomy":"post_tag","embeddable":true,"href":"https:\/\/rnoticias.com.mx\/Portal\/wp-json\/wp\/v2\/tags?post=229928"}],"curies":[{"name":"wp","href":"https:\/\/api.w.org\/{rel}","templated":true}]}}