{"id":229922,"date":"2025-09-20T11:38:00","date_gmt":"2025-09-20T18:38:00","guid":{"rendered":"https:\/\/rnoticias.com.mx\/Portal\/?p=229922"},"modified":"2025-09-20T11:38:00","modified_gmt":"2025-09-20T18:38:00","slug":"gaza-se-convierte-en-la-protagonista-de-las-peliculas-internacionales","status":"publish","type":"post","link":"https:\/\/rnoticias.com.mx\/Portal\/2025\/09\/20\/gaza-se-convierte-en-la-protagonista-de-las-peliculas-internacionales\/","title":{"rendered":"Gaza se convierte en la protagonista de las pel\u00edculas internacionales"},"content":{"rendered":"<p>Previo a la gala de los\u00a0<strong>premios \u00d3scar,<\/strong>\u00a0ya hay dos candidatos que parecen estar muy fortalecidos para llevarse la estatuilla a la mejor pel\u00edcula internacional. Se trata de\u00a0<strong>&#8216;The voice of Hind Rajab<\/strong>&#8216; y \u2018<strong>The Sea\u2019<\/strong>, pero estas no son las \u00fanicas historias pol\u00edticas de una categor\u00eda en la que hay cintas sobre reg\u00edmenes autoritarios, colonialismo o la guerra en\u00a0<strong>Ucrania<\/strong>.<\/p>\n<p>Hasta el estreno de &#8216;<strong>The voice of Hind Rajab&#8217;<\/strong>, de la tunecina<strong>\u00a0Kaouther Ben Hania<\/strong>, la favorita este a\u00f1o era\u00a0<strong>&#8216;Un simple accident<\/strong>&#8216;, un demoledor retrato de la represi\u00f3n del Gobierno iran\u00ed dirigida por Jafar Panahi, un cineasta condenado varias veces por delitos relacionados con la libertad de expresi\u00f3n y que huy\u00f3 a pie por las monta\u00f1as para poder presentar su filme en Cannes.<\/p>\n<p>En el festival franc\u00e9s se hizo con la\u00a0<strong>Palma de Oro\u00a0<\/strong>y ha sido\u00a0<strong>Francia\u00a0<\/strong>la que acaba de elegir el filme como su candidato a los \u00d3scar, ya que se trata de una producci\u00f3n franco-iran\u00ed.<\/p>\n<div class=\" b2\"><\/div>\n<h2>La voz de Gaza en el cine<\/h2>\n<p>Pero el estreno en Venecia de<strong>\u00a0&#8216;The voice of Hind Rajab<\/strong>&#8216; situ\u00f3 en el centro del debate social este dur\u00edsimo filme, construido alrededor de las grabaciones de audio reales en las que la ni\u00f1a de seis a\u00f1os Hind Rajab ped\u00eda ayuda a la<strong>\u00a0Media Luna Roja\u00a0<\/strong>para que la salvaran de los disparos del\u00a0<strong>Ej\u00e9rcito israel\u00ed<\/strong>, algo que no se consigui\u00f3.<\/p>\n<p>Unos hechos ocurridos en enero de 2024 que impactaron tanto a la realizadora que decidi\u00f3 inmediatamente trasladar la historia al cine y ha llegado en un cr\u00edtico momento en el que aumentan<strong>\u00a0las cr\u00edticas a Israel por la masacre (\u00bfo genocidio?), que est\u00e1 cometiendo en Gaza.<\/strong><\/p>\n<p>&#8220;<strong>La voz de Hind es la voz misma de Gaza<\/strong>&#8220;, dijo Ben Hania al recoger el Gran Premio del Jurado de Venecia, donde recibi\u00f3 la ovaci\u00f3n m\u00e1s fuerte de la noche.<\/p>\n<p>Lejos de estar cerrado el tema, ahora ha surgido otra fuerte candidata: &#8216;<strong>The Sea<\/strong>&#8216;, del director israel\u00ed Shai Carmeli Pollak, que al ganar el premio Ophir de su pa\u00eds a mejor pel\u00edcula, se convirti\u00f3 autom\u00e1ticamente en la\u00a0<strong>candidata de Israel para los \u00d3scar.<\/strong><\/p>\n<p>El filme se centra en un ni\u00f1o de la ciudad cisjordana de Ramala que trata de viajar al mar por su cuenta despu\u00e9s de que el Ej\u00e9rcito israel\u00ed no le permitiera cruzar un puesto de control junto a sus compa\u00f1eros de clase durante una excursi\u00f3n. Su protagonista, Muhammad Gazawi (13 a\u00f1os), se alz\u00f3 tambi\u00e9n con el Ophir al mejor actor.<\/p>\n<p><strong>La reacci\u00f3n del Gobierno israel\u00ed no se hizo esperar y el Ministerio de Cultura anunci\u00f3 este mi\u00e9rcoles el cese de la financiaci\u00f3n a los premios Ophir<\/strong>. &#8220;Mientras dependa de m\u00ed, los ciudadanos de Israel no pagar\u00e1n por un vergonzoso evento de cine que escupe en las caras de nuestros soldados&#8221;, asegur\u00f3 el titular del ministerio, Miki Zohar, en un comunicado.<\/p>\n<p>Unas palabras que han hecho que &#8216;<strong>The<\/strong>\u00a0<strong>Sea<\/strong>&#8216;, un filme que a\u00fan no se ha estrenado internacionalmente, se haya convertido en uno de los m\u00e1s esperados.<\/p>\n<p><strong>A estos tres t\u00edtulos se unen otros dos que tienen a Palestina como centro de sus historias<\/strong>.<\/p>\n<p>Por un lado, &#8216;<strong>Palestine 36<\/strong>&#8216;, la candidata palestina, sobre la revuelta de 1936-1939 contra el dominio colonial brit\u00e1nico, dirigida por Annemarie Jacir y que cuenta con actores como Hiam Abbass y Jeremy Irons. Y, por otro, la jordana &#8216;<strong>All That&#8217;s Left Of You<\/strong>&#8216;, de Cherien Dabis, sobre una familia palestina desde 1948 hasta la actualidad.<\/p>\n<h2>Ucrania, Brasil o el colonialismo, en el punto de mira<\/h2>\n<p><strong>Pero la situaci\u00f3n en Gaza no es el \u00fanico tema pol\u00edtico\u00a0<\/strong>que tratan las pel\u00edculas presentadas al \u00d3scar a mejor filme internacional, que ya cuenta con m\u00e1s de cincuenta candidatas -se suelen presentar alrededor de 92-, de las que a mediados de diciembre habr\u00e1 una primera selecci\u00f3n de 15 para quedarse en cinco nominadas en enero.<\/p>\n<p>Kleber Mendon\u00e7a Filho ataca la dictadura militar brasile\u00f1a en &#8216;O Agente Secreto&#8217;, que se llev\u00f3 el premio a mejor direcci\u00f3n en Cannes, donde su protagonista, Wagner Moura, fue considerado el mejor actor.<\/p>\n<p>Un filme que tratar\u00e1 de repetir el \u00e9xito de &#8216;Ainda Estou Aqui&#8217;, de Walter Salles, que se llev\u00f3 el \u00d3scar a mejor filme internacional este a\u00f1o.<\/p>\n<p>Otra guerra, la de Ucrania, es el tema del documental &#8216;2000 Meters to Andriivka&#8217;, mientras que las elegidas por Portugal (&#8216;Banzo&#8217;) y Filipinas (&#8216;Magellan&#8217;) cargan contra el colonialismo y la paraguaya &#8216;Bajo las banderas, el sol&#8217; retrata la historia silenciada de 34 a\u00f1os de dictadura de Alfredo Stroessner (1954-1989).<\/p>\n","protected":false},"excerpt":{"rendered":"<p>Previo a la gala de los\u00a0premios \u00d3scar,\u00a0ya hay dos candidatos que parecen estar muy fortalecidos para llevarse la estatuilla a la mejor pel\u00edcula internacional. Se trata de\u00a0&#8216;The voice of Hind Rajab&#8216; y \u2018The Sea\u2019, pero estas no son las \u00fanicas historias pol\u00edticas de una categor\u00eda en la que hay cintas sobre reg\u00edmenes autoritarios, colonialismo o [&hellip;]<\/p>\n","protected":false},"author":2,"featured_media":229923,"comment_status":"closed","ping_status":"closed","sticky":false,"template":"","format":"standard","meta":{"footnotes":""},"categories":[12870,219],"tags":[12865,12875],"class_list":["post-229922","post","type-post","status-publish","format-standard","has-post-thumbnail","hentry","category-destacadas","category-espectaculos","tag-destacadas","tag-espectaculos"],"jetpack_featured_media_url":"https:\/\/rnoticias.com.mx\/Portal\/wp-content\/uploads\/2025\/09\/1440x810_cmsv2_a7323b1b-55ae-55e0-8fb9-5e2d496c4661-7990294.webp","amp_enabled":true,"_links":{"self":[{"href":"https:\/\/rnoticias.com.mx\/Portal\/wp-json\/wp\/v2\/posts\/229922","targetHints":{"allow":["GET"]}}],"collection":[{"href":"https:\/\/rnoticias.com.mx\/Portal\/wp-json\/wp\/v2\/posts"}],"about":[{"href":"https:\/\/rnoticias.com.mx\/Portal\/wp-json\/wp\/v2\/types\/post"}],"author":[{"embeddable":true,"href":"https:\/\/rnoticias.com.mx\/Portal\/wp-json\/wp\/v2\/users\/2"}],"replies":[{"embeddable":true,"href":"https:\/\/rnoticias.com.mx\/Portal\/wp-json\/wp\/v2\/comments?post=229922"}],"version-history":[{"count":1,"href":"https:\/\/rnoticias.com.mx\/Portal\/wp-json\/wp\/v2\/posts\/229922\/revisions"}],"predecessor-version":[{"id":229924,"href":"https:\/\/rnoticias.com.mx\/Portal\/wp-json\/wp\/v2\/posts\/229922\/revisions\/229924"}],"wp:featuredmedia":[{"embeddable":true,"href":"https:\/\/rnoticias.com.mx\/Portal\/wp-json\/wp\/v2\/media\/229923"}],"wp:attachment":[{"href":"https:\/\/rnoticias.com.mx\/Portal\/wp-json\/wp\/v2\/media?parent=229922"}],"wp:term":[{"taxonomy":"category","embeddable":true,"href":"https:\/\/rnoticias.com.mx\/Portal\/wp-json\/wp\/v2\/categories?post=229922"},{"taxonomy":"post_tag","embeddable":true,"href":"https:\/\/rnoticias.com.mx\/Portal\/wp-json\/wp\/v2\/tags?post=229922"}],"curies":[{"name":"wp","href":"https:\/\/api.w.org\/{rel}","templated":true}]}}