{"id":229913,"date":"2025-09-20T10:44:22","date_gmt":"2025-09-20T17:44:22","guid":{"rendered":"https:\/\/rnoticias.com.mx\/Portal\/?p=229913"},"modified":"2025-09-20T10:44:22","modified_gmt":"2025-09-20T17:44:22","slug":"arrancan-foros-de-consulta-para-el-plan-de-desarrollo-institucional-2025-2030","status":"publish","type":"post","link":"https:\/\/rnoticias.com.mx\/Portal\/2025\/09\/20\/arrancan-foros-de-consulta-para-el-plan-de-desarrollo-institucional-2025-2030\/","title":{"rendered":"Arrancan foros de consulta para el Plan de Desarrollo Institucional 2025-2030"},"content":{"rendered":"<p>La Universidad de Sonora puso en marcha los foros de consulta para la integraci\u00f3n del Plan de Desarrollo Institucional (PDI) 2025-2030, inform\u00f3 la rectora Dena Mar\u00eda Camarena G\u00f3mez.<\/p>\n<p>Detall\u00f3 que este nuevo plan contempla seis ejes estrat\u00e9gicos y tres l\u00edneas rectoras, en las que destacan temas como educaci\u00f3n, mejora continua e inclusi\u00f3n.<\/p>\n<p>Expres\u00f3 que en este momento se concentran en el Plan de Desarrollo Institucional, por lo que se comenz\u00f3 con una serie de reuniones con los distintos colegiados externos a la Universidad, las c\u00e1maras empresariales y otros actores de la sociedad para poder conformarlo.<\/p>\n<p>Camarena G\u00f3mez explic\u00f3 que estos espacios de di\u00e1logo permitir\u00e1n identificar las principales necesidades de la comunidad universitaria y de la sociedad sonorense, para traducirlas en estrategias y acciones que fortalezcan a la m\u00e1xima casa de estudios en los pr\u00f3ximos cinco a\u00f1os.<\/p>\n<p>&nbsp;<\/p>\n<p><strong>Reuni\u00f3n con El Colegio de Economistas<\/strong><\/p>\n<p>Como primer encuentro, autoridades universitarias se reunieron con integrantes de El Colegio de Economistas de Sonora para intercambiar experiencias y propuestas que contribuyan al dise\u00f1o del PDI 2025-2030.<\/p>\n<p>En la reuni\u00f3n, presidida por Javier Villegas Orpinela, se abordaron temas como educaci\u00f3n dual, deserci\u00f3n escolar, educaci\u00f3n biling\u00fce, captaci\u00f3n de recursos, nearshoring, gratuidad de la educaci\u00f3n y movilidad estudiantil.<\/p>\n<p>\u201cSe tocaron temas diversos, entre ellos la movilidad estudiantil, que creo son fundamentales para nuestra instituci\u00f3n y que, de alguna manera, van a quedar plasmados en nuestro Plan de Desarrollo Institucional\u201d, coment\u00f3 la rectora.<\/p>\n<p>Camarena G\u00f3mez agradeci\u00f3 la participaci\u00f3n de los economistas y los invit\u00f3 a seguir colaborando de manera cercana con la instituci\u00f3n. \u201cLos comentarios recibidos son ideas que seguramente se transformar\u00e1n en acciones estrat\u00e9gicas para la consolidaci\u00f3n de nuestra Universidad\u201d, agreg\u00f3.<\/p>\n<p>Por su parte, Karla L\u00f3pez Montes, directora de Planeaci\u00f3n y Evaluaci\u00f3n, destac\u00f3 que se discuti\u00f3 la necesidad de adaptar el modelo educativo ante el surgimiento de nuevos sectores como los semiconductores y la electromovilidad, as\u00ed como la incorporaci\u00f3n de tecnolog\u00edas como la inteligencia artificial en los procesos formativos.<\/p>\n<p>\u201cLos sistemas de evaluaci\u00f3n para el PDI deben ser din\u00e1micos y responder a las necesidades cambiantes de la sociedad y de nuestros j\u00f3venes\u201d, subray\u00f3.<\/p>\n<p>&nbsp;<\/p>\n<p><strong>Pr\u00f3ximos encuentros y participaci\u00f3n abierta<\/strong><\/p>\n<p>La directora de Planeaci\u00f3n y Evaluaci\u00f3n inform\u00f3 que en las pr\u00f3ximas semanas se realizar\u00e1n reuniones con el Colegio de Enfermeras y el Colegio de Ingenieros Metalurgistas, adem\u00e1s de continuar abierta la consulta a la comunidad universitaria y a la sociedad en general a trav\u00e9s del portal institucional y del correo karla.lopezmontes@unison.mx<\/p>\n<p>L\u00f3pez Montes record\u00f3 que el prop\u00f3sito de estos foros es fortalecer los programas ya definidos e integrar nuevas l\u00edneas de acci\u00f3n pertinentes de acuerdo con las necesidades de la sociedad.<\/p>\n<p>Se prev\u00e9 que en la primera quincena de octubre se cuente con un borrador del PDI, el cual ser\u00e1 entregado al Colegio Universitario para su revisi\u00f3n y an\u00e1lisis.<\/p>\n<p>En el encuentro participaron, adem\u00e1s de la rectora, el director de Vinculaci\u00f3n y Extensi\u00f3n, Joel Enrique Espejel Blanco, y el secretario de Rector\u00eda, Benjam\u00edn Burgos Flores.<\/p>\n","protected":false},"excerpt":{"rendered":"<p>La Universidad de Sonora puso en marcha los foros de consulta para la integraci\u00f3n del Plan de Desarrollo Institucional (PDI) 2025-2030, inform\u00f3 la rectora Dena Mar\u00eda Camarena G\u00f3mez. Detall\u00f3 que este nuevo plan contempla seis ejes estrat\u00e9gicos y tres l\u00edneas rectoras, en las que destacan temas como educaci\u00f3n, mejora continua e inclusi\u00f3n. Expres\u00f3 que en [&hellip;]<\/p>\n","protected":false},"author":2,"featured_media":229914,"comment_status":"closed","ping_status":"closed","sticky":false,"template":"","format":"standard","meta":{"footnotes":""},"categories":[12870,178],"tags":[12865,12869],"class_list":["post-229913","post","type-post","status-publish","format-standard","has-post-thumbnail","hentry","category-destacadas","category-local","tag-destacadas","tag-local"],"jetpack_featured_media_url":"https:\/\/rnoticias.com.mx\/Portal\/wp-content\/uploads\/2025\/09\/Reunion-con-integrantes-de-El-Colegio-de-Economistas-3.jpg","amp_enabled":true,"_links":{"self":[{"href":"https:\/\/rnoticias.com.mx\/Portal\/wp-json\/wp\/v2\/posts\/229913","targetHints":{"allow":["GET"]}}],"collection":[{"href":"https:\/\/rnoticias.com.mx\/Portal\/wp-json\/wp\/v2\/posts"}],"about":[{"href":"https:\/\/rnoticias.com.mx\/Portal\/wp-json\/wp\/v2\/types\/post"}],"author":[{"embeddable":true,"href":"https:\/\/rnoticias.com.mx\/Portal\/wp-json\/wp\/v2\/users\/2"}],"replies":[{"embeddable":true,"href":"https:\/\/rnoticias.com.mx\/Portal\/wp-json\/wp\/v2\/comments?post=229913"}],"version-history":[{"count":1,"href":"https:\/\/rnoticias.com.mx\/Portal\/wp-json\/wp\/v2\/posts\/229913\/revisions"}],"predecessor-version":[{"id":229915,"href":"https:\/\/rnoticias.com.mx\/Portal\/wp-json\/wp\/v2\/posts\/229913\/revisions\/229915"}],"wp:featuredmedia":[{"embeddable":true,"href":"https:\/\/rnoticias.com.mx\/Portal\/wp-json\/wp\/v2\/media\/229914"}],"wp:attachment":[{"href":"https:\/\/rnoticias.com.mx\/Portal\/wp-json\/wp\/v2\/media?parent=229913"}],"wp:term":[{"taxonomy":"category","embeddable":true,"href":"https:\/\/rnoticias.com.mx\/Portal\/wp-json\/wp\/v2\/categories?post=229913"},{"taxonomy":"post_tag","embeddable":true,"href":"https:\/\/rnoticias.com.mx\/Portal\/wp-json\/wp\/v2\/tags?post=229913"}],"curies":[{"name":"wp","href":"https:\/\/api.w.org\/{rel}","templated":true}]}}