{"id":229910,"date":"2025-09-20T10:07:48","date_gmt":"2025-09-20T17:07:48","guid":{"rendered":"https:\/\/rnoticias.com.mx\/Portal\/?p=229910"},"modified":"2025-09-20T10:07:48","modified_gmt":"2025-09-20T17:07:48","slug":"integran-primer-consejo-regional-de-vinculacion-de-la-universidad-de-sonora","status":"publish","type":"post","link":"https:\/\/rnoticias.com.mx\/Portal\/2025\/09\/20\/integran-primer-consejo-regional-de-vinculacion-de-la-universidad-de-sonora\/","title":{"rendered":"Integran primer Consejo Regional de Vinculaci\u00f3n de la Universidad de Sonora"},"content":{"rendered":"<p>Con la presencia de la comunidad universitaria y la representaci\u00f3n de diferentes sectores, se llev\u00f3 a cabo la instalaci\u00f3n del Consejo Regional de Vinculaci\u00f3n Social Campus Hermosillo para el periodo 2025-2027, una nueva figura que marca la Ley 169 de la Universidad de Sonora y que sentar\u00e1 las bases para los siguientes consejos y sus objetivos, precis\u00f3 Juan Carlos G\u00e1lvez Ruiz.<\/p>\n<p>El director administrativo del campus, en su calidad de presidente de dicho consejo, presidi\u00f3 la ceremonia de instalaci\u00f3n y realiz\u00f3 la toma de protesta a los representantes de los sectores productivo, social y educativo; adem\u00e1s de personal de la universidad de las diferentes facultades interdisciplinarias.<\/p>\n<p>\u201cLa idea es precisamente establecer un consejo que pueda ayudar m\u00e1s a fortalecer la vinculaci\u00f3n de la instituci\u00f3n con la sociedad y que podamos establecer algunos lineamientos, algunas disposiciones que sean muy efectivas para incidir positivamente en atender las principales necesidades que tenemos en la comunidad\u201d, explic\u00f3 G\u00e1lvez Ruiz.<\/p>\n<p>Adem\u00e1s de Juan Carlos G\u00e1lvez Ruiz como presidente, el consejo est\u00e1 conformado por Roc\u00edo Sugich Miranda, secretaria del campus Hermosillo, como secretaria t\u00e9cnica; Joel Espejel Blanco, director de Vinculaci\u00f3n y Extensi\u00f3n de la universidad, como responsable de Vinculaci\u00f3n; y Jes\u00fas Adolfo Minjarez Sosa, de la Direcci\u00f3n de Apoyo a Docentes, Investigaci\u00f3n y Posgrado, como responsable de Investigaci\u00f3n y Posgrado.<\/p>\n<p>Como representantes del sector productivo se integran Arturo Fern\u00e1ndez D\u00edaz Gonz\u00e1lez, de Grupo GEMSO y presidente de Sonora Global; \u00d3scar Cuellar Rosas, de Value Chain Specialist and Relocation in M\u00e9xico; y Andrea Garc\u00eda Calles, directora de la Fundaci\u00f3n Empresariado Sonorense A.C. Hermosillo.<\/p>\n<p>Como egresados de la Universidad de Sonora participan Pablo Wong Gonz\u00e1lez, profesor investigador del Centro de Investigaci\u00f3n en Alimentaci\u00f3n y Desarrollo (CIAD); Ernesto Urbina Miranda, director de Hermosillo \u00bfC\u00f3mo vamos?; y Marcia Leyva Gast\u00e9lum, directora general del Laboratorio Estatal de Salud P\u00fablica.<\/p>\n<p>Del sector social, p\u00fablico, educativo, deportivo y cultural, participan Luisa Alejandra G\u00e1ndara Fern\u00e1ndez, presidenta de la Fundaci\u00f3n Ganfer; Mar\u00eda Auxiliadora Islas Osuna, miembro de la Academia Mexicana de Ciencias; Said Saavedra Bracamonte, director general de Ciencia y Tecnolog\u00eda del Consejo Estatal de Ciencia y Tecnolog\u00eda; Erubiel Durazo C\u00e1rdenas, director de la Comisi\u00f3n del Deporte del Estado de Sonora; y Ernesto Duarte Tagles, presidente de la Fundaci\u00f3n Miika.<\/p>\n<p>El consejo est\u00e1 complementado por tres representantes de cada Facultad Interdisciplinaria.<\/p>\n<p>\u201cUno de los principales objetivos del consejo es dar algunas directrices para que se incluyan en los planes de Desarrollo Institucional, espec\u00edficamente en el Plan de Investigaci\u00f3n Interdisciplinario, y establecer algunos otros lineamientos en el transcurso del tiempo que a trav\u00e9s de las direcciones administrativas del campus se van a presentar al Colegio Universitario\u201d, precis\u00f3 G\u00e1lvez Ruiz en esta primera reuni\u00f3n.<\/p>\n<p>&nbsp;<\/p>\n<p>&nbsp;<\/p>\n<p><strong>Compromiso de vinculaci\u00f3n son la sociedad<\/strong><\/p>\n<p>Una vez que se tom\u00f3 de protesta, Ernesto Urbina Miranda, director de la organizaci\u00f3n ciudadana Hermosillo \u00bfC\u00f3mo vamos?, resalt\u00f3 la importancia del consejo y la relevancia de la m\u00e1xima casa de estudios en Sonora.<\/p>\n<p>\u201cLa contribuci\u00f3n de la Unison es fundamental para el desarrollo de la sociedad en aspectos productivos, sociales, econ\u00f3micos, entre otros, y creo que este espacio se va a consolidar como un mecanismo para catalizar justamente esa posibilidad de impacto que tiene la universidad de construir mecanismos formales de vinculaci\u00f3n con el sector productivo, con el sector p\u00fablico, y a trav\u00e9s de eso darle una mayor amplitud al trabajo que realizan los investigadores y tambi\u00e9n la comunidad universitaria en general\u201d, comparti\u00f3.<\/p>\n<p>Agreg\u00f3 que los procesos de desarrollo regional y de transformaci\u00f3n de regiones y de ciudades ya no puede explicarse por una actuaci\u00f3n aislada por parte de los agentes o de los sectores.<\/p>\n<p>\u201cAnte el contexto global y las condiciones econ\u00f3micas globales es doblemente importante el que los diferentes sectores sociales impulsen hacia una misma direcci\u00f3n el desarrollo, en ese sentido pues va a ser muy importante porque la uni\u00f3n puede contribuir mucho justamente a ese impacto coordinado y colaborativo con otros sectores sociales\u201d, finaliz\u00f3.<\/p>\n","protected":false},"excerpt":{"rendered":"<p>Con la presencia de la comunidad universitaria y la representaci\u00f3n de diferentes sectores, se llev\u00f3 a cabo la instalaci\u00f3n del Consejo Regional de Vinculaci\u00f3n Social Campus Hermosillo para el periodo 2025-2027, una nueva figura que marca la Ley 169 de la Universidad de Sonora y que sentar\u00e1 las bases para los siguientes consejos y sus [&hellip;]<\/p>\n","protected":false},"author":2,"featured_media":229911,"comment_status":"closed","ping_status":"closed","sticky":false,"template":"","format":"standard","meta":{"footnotes":""},"categories":[12870,178],"tags":[12865,12869],"class_list":["post-229910","post","type-post","status-publish","format-standard","has-post-thumbnail","hentry","category-destacadas","category-local","tag-destacadas","tag-local"],"jetpack_featured_media_url":"https:\/\/rnoticias.com.mx\/Portal\/wp-content\/uploads\/2025\/09\/CONSEJO-DE-VINCULACION-UNISON.jpg","amp_enabled":true,"_links":{"self":[{"href":"https:\/\/rnoticias.com.mx\/Portal\/wp-json\/wp\/v2\/posts\/229910","targetHints":{"allow":["GET"]}}],"collection":[{"href":"https:\/\/rnoticias.com.mx\/Portal\/wp-json\/wp\/v2\/posts"}],"about":[{"href":"https:\/\/rnoticias.com.mx\/Portal\/wp-json\/wp\/v2\/types\/post"}],"author":[{"embeddable":true,"href":"https:\/\/rnoticias.com.mx\/Portal\/wp-json\/wp\/v2\/users\/2"}],"replies":[{"embeddable":true,"href":"https:\/\/rnoticias.com.mx\/Portal\/wp-json\/wp\/v2\/comments?post=229910"}],"version-history":[{"count":1,"href":"https:\/\/rnoticias.com.mx\/Portal\/wp-json\/wp\/v2\/posts\/229910\/revisions"}],"predecessor-version":[{"id":229912,"href":"https:\/\/rnoticias.com.mx\/Portal\/wp-json\/wp\/v2\/posts\/229910\/revisions\/229912"}],"wp:featuredmedia":[{"embeddable":true,"href":"https:\/\/rnoticias.com.mx\/Portal\/wp-json\/wp\/v2\/media\/229911"}],"wp:attachment":[{"href":"https:\/\/rnoticias.com.mx\/Portal\/wp-json\/wp\/v2\/media?parent=229910"}],"wp:term":[{"taxonomy":"category","embeddable":true,"href":"https:\/\/rnoticias.com.mx\/Portal\/wp-json\/wp\/v2\/categories?post=229910"},{"taxonomy":"post_tag","embeddable":true,"href":"https:\/\/rnoticias.com.mx\/Portal\/wp-json\/wp\/v2\/tags?post=229910"}],"curies":[{"name":"wp","href":"https:\/\/api.w.org\/{rel}","templated":true}]}}