{"id":229904,"date":"2025-09-20T10:00:33","date_gmt":"2025-09-20T17:00:33","guid":{"rendered":"https:\/\/rnoticias.com.mx\/Portal\/?p=229904"},"modified":"2025-09-20T10:00:33","modified_gmt":"2025-09-20T17:00:33","slug":"ingresa-naason-joaquin-a-centro-de-detencion-metropolitano-de-brooklyn","status":"publish","type":"post","link":"https:\/\/rnoticias.com.mx\/Portal\/2025\/09\/20\/ingresa-naason-joaquin-a-centro-de-detencion-metropolitano-de-brooklyn\/","title":{"rendered":"Ingresa Naas\u00f3n Joaqu\u00edn a Centro de Detenci\u00f3n Metropolitano de Brooklyn"},"content":{"rendered":"<p>Naas\u00f3n\u00a0Joaqu\u00edn Garc\u00eda, l\u00edder de la Iglesia de La Luz del Mundo, ingres\u00f3 al Centro de Detenci\u00f3n Metropolitano de\u00a0Brooklyn, en Nueva York, seg\u00fan los registros del Bur\u00f3 Federal de Prisiones (BOP), mientras\u00a0se prev\u00e9 que sea presentado a inicios de la pr\u00f3xima semana en la corte de\u00a0Manhattan.<\/p>\n<p>Eva Garc\u00eda, mam\u00e1 de Naas\u00f3n, est\u00e1 en el Centro de Detenci\u00f3n Metropolitana (MDC) de Los \u00c1ngeles, y su sobrino Joram N\u00fa\u00f1ez en el Centro Correccional Metropolitano de Chicago. Rosa Sosa, Azalia Rangel y Silem Garc\u00eda permanecen fugitivos.<\/p>\n<p>El mi\u00e9rcoles de la semana pasada se inform\u00f3 que un jurado federal en Nueva York emiti\u00f3 una acusaci\u00f3n alegando que \u00e9l, y otras cinco personas explotaron la iglesia durante d\u00e9cadas para permitir el abuso sexual sistem\u00e1tico de ni\u00f1os y mujeres para la gratificaci\u00f3n sexual de Garc\u00eda y su padre, quien muri\u00f3 en 2014.<\/p>\n<p><strong>Por los cargos que se les imputan, Naas\u00f3n y su madre enfrentan una posible cadena perpetua. N\u00fa\u00f1ez Joaqu\u00edn enfrenta hasta 20 a\u00f1os de prisi\u00f3n.<\/strong><\/p>\n<p>Garc\u00eda fue puesto bajo custodia federal temprano el d\u00eda 10 de este mes en Chino, California, donde est\u00e1 cumpliendo una sentencia de m\u00e1s de 16 a\u00f1os tras declararse culpable en 2022 de dos cargos estatales. Seg\u00fan la ficha de BOP tiene 56 a\u00f1os y aparece bajo el n\u00famero 05584-512.<\/p>\n<p><strong>La acusaci\u00f3n reci\u00e9n revelada indic\u00f3 que la actividad criminal inclu\u00eda la creaci\u00f3n de fotos y videos de abuso sexual infantil.<\/strong><\/p>\n<p>Tambi\u00e9n el mi\u00e9rcoles de la semana pasada, Eva Garc\u00eda fue detenida en Los \u00c1ngeles, California, acusada de trata de menores, inform\u00f3 el Departamento de Justicia de Estados Unidos.<\/p>\n<p>De los cinco acusados (sin contar a\u00a0Naas\u00f3n), tres est\u00e1n detenidos. Adem\u00e1s de Eva, fue detenido en Chicago\u00a0Joram\u00a0N\u00fa\u00f1ez Joaqu\u00edn, sobrino de\u00a0Naas\u00f3n; Rosa Sosa,\u00a0Azalia\u00a0Rangel\u00a0y\u00a0Silem\u00a0Garc\u00eda permanecen fugitivos.<\/p>\n<p>Por los cargos que se les imputan, Naas\u00f3n y su madre enfrentan una posible cadena perpetua. N\u00fa\u00f1ez Joaqu\u00edn enfrenta hasta 20 a\u00f1os de prisi\u00f3n.<\/p>\n<p>Sobre los fugitivos, el Departamento de Justicia dice que \u201cse cree que se encuentran en M\u00e9xico. El gobierno estadounidense solicitar\u00e1 su arresto y extradici\u00f3n para que enfrenten estos cargos en Estados Unidos\u201d.<\/p>\n","protected":false},"excerpt":{"rendered":"<p>Naas\u00f3n\u00a0Joaqu\u00edn Garc\u00eda, l\u00edder de la Iglesia de La Luz del Mundo, ingres\u00f3 al Centro de Detenci\u00f3n Metropolitano de\u00a0Brooklyn, en Nueva York, seg\u00fan los registros del Bur\u00f3 Federal de Prisiones (BOP), mientras\u00a0se prev\u00e9 que sea presentado a inicios de la pr\u00f3xima semana en la corte de\u00a0Manhattan. Eva Garc\u00eda, mam\u00e1 de Naas\u00f3n, est\u00e1 en el Centro de [&hellip;]<\/p>\n","protected":false},"author":2,"featured_media":229905,"comment_status":"closed","ping_status":"closed","sticky":false,"template":"","format":"standard","meta":{"footnotes":""},"categories":[12870,182],"tags":[12865,12871],"class_list":["post-229904","post","type-post","status-publish","format-standard","has-post-thumbnail","hentry","category-destacadas","category-internacional","tag-destacadas","tag-internacional"],"jetpack_featured_media_url":"https:\/\/rnoticias.com.mx\/Portal\/wp-content\/uploads\/2025\/09\/AA1MVwxt.jpeg","amp_enabled":true,"_links":{"self":[{"href":"https:\/\/rnoticias.com.mx\/Portal\/wp-json\/wp\/v2\/posts\/229904","targetHints":{"allow":["GET"]}}],"collection":[{"href":"https:\/\/rnoticias.com.mx\/Portal\/wp-json\/wp\/v2\/posts"}],"about":[{"href":"https:\/\/rnoticias.com.mx\/Portal\/wp-json\/wp\/v2\/types\/post"}],"author":[{"embeddable":true,"href":"https:\/\/rnoticias.com.mx\/Portal\/wp-json\/wp\/v2\/users\/2"}],"replies":[{"embeddable":true,"href":"https:\/\/rnoticias.com.mx\/Portal\/wp-json\/wp\/v2\/comments?post=229904"}],"version-history":[{"count":1,"href":"https:\/\/rnoticias.com.mx\/Portal\/wp-json\/wp\/v2\/posts\/229904\/revisions"}],"predecessor-version":[{"id":229906,"href":"https:\/\/rnoticias.com.mx\/Portal\/wp-json\/wp\/v2\/posts\/229904\/revisions\/229906"}],"wp:featuredmedia":[{"embeddable":true,"href":"https:\/\/rnoticias.com.mx\/Portal\/wp-json\/wp\/v2\/media\/229905"}],"wp:attachment":[{"href":"https:\/\/rnoticias.com.mx\/Portal\/wp-json\/wp\/v2\/media?parent=229904"}],"wp:term":[{"taxonomy":"category","embeddable":true,"href":"https:\/\/rnoticias.com.mx\/Portal\/wp-json\/wp\/v2\/categories?post=229904"},{"taxonomy":"post_tag","embeddable":true,"href":"https:\/\/rnoticias.com.mx\/Portal\/wp-json\/wp\/v2\/tags?post=229904"}],"curies":[{"name":"wp","href":"https:\/\/api.w.org\/{rel}","templated":true}]}}