{"id":229886,"date":"2025-09-20T09:48:45","date_gmt":"2025-09-20T16:48:45","guid":{"rendered":"https:\/\/rnoticias.com.mx\/Portal\/?p=229886"},"modified":"2025-09-20T09:48:45","modified_gmt":"2025-09-20T16:48:45","slug":"llama-gobierno-de-sonora-a-detectar-a-tiempo-el-cancer-infantil","status":"publish","type":"post","link":"https:\/\/rnoticias.com.mx\/Portal\/2025\/09\/20\/llama-gobierno-de-sonora-a-detectar-a-tiempo-el-cancer-infantil\/","title":{"rendered":"Llama Gobierno de Sonora a detectar a tiempo el c\u00e1ncer infantil"},"content":{"rendered":"<p>Hermosillo, Sonora; 20 de septiembre de 2025.- El Gobierno de Sonora, a trav\u00e9s de la Secretar\u00eda de Salud P\u00fablica, hace un llamado a la poblaci\u00f3n a estar atenta a los principales signos y s\u00edntomas del c\u00e1ncer infantil, con el prop\u00f3sito de lograr una detecci\u00f3n temprana y brindar un tratamiento oportuno que salve vidas.<\/p>\n<p>Esta enfermedad es una de las principales causas de mortalidad en la infancia, pero su atenci\u00f3n a tiempo incrementa significativamente las posibilidades de recuperaci\u00f3n.<\/p>\n<p>Entre las se\u00f1ales de alerta que deben vigilarse en ni\u00f1as, ni\u00f1os y adolescentes se encuentran fiebre sin causa explicable, palidez progresiva, cansancio, disminuci\u00f3n del apetito, aparici\u00f3n de moretones en extremidades, crecimiento de ganglios y p\u00e9rdida de peso, entre otros. Identificar estos s\u00edntomas y acudir de inmediato a un centro de salud puede marcar la diferencia.<\/p>\n<p>De acuerdo con la dependencia, los tipos de c\u00e1ncer infantil m\u00e1s frecuentes son leucemias, linfomas y tumores del cerebro. Las edades en que se presentan con mayor frecuencia son de los tres a cinco a\u00f1os y de los nueve a 12 a\u00f1os, por lo que es fundamental que padres, madres y cuidadores est\u00e9n informados y mantengan vigilancia constante sobre la salud de sus hijos.<\/p>\n<p>La Secretar\u00eda de Salud P\u00fablica subraya la importancia de no retrasar la atenci\u00f3n m\u00e9dica. Un diagn\u00f3stico temprano permite establecer un tratamiento integral y oportuno que favorece la calidad de vida y la recuperaci\u00f3n de las y los pacientes pedi\u00e1tricos.<\/p>\n<p>En el marco de la campa\u00f1a Septiembre Dorado, Mes de la Concientizaci\u00f3n del C\u00e1ncer Infantil, la Secretar\u00eda de Salud de Sonora refrenda su compromiso de informar, sensibilizar y acompa\u00f1ar a la sociedad en la lucha contra este padecimiento. La dependencia invita a la poblaci\u00f3n a sumarse difundiendo informaci\u00f3n y apoyando a las familias que enfrentan esta enfermedad, recordando que la uni\u00f3n y la detecci\u00f3n temprana son fundamentales para salvar vidas.<\/p>\n","protected":false},"excerpt":{"rendered":"<p>Hermosillo, Sonora; 20 de septiembre de 2025.- El Gobierno de Sonora, a trav\u00e9s de la Secretar\u00eda de Salud P\u00fablica, hace un llamado a la poblaci\u00f3n a estar atenta a los principales signos y s\u00edntomas del c\u00e1ncer infantil, con el prop\u00f3sito de lograr una detecci\u00f3n temprana y brindar un tratamiento oportuno que salve vidas. Esta enfermedad [&hellip;]<\/p>\n","protected":false},"author":2,"featured_media":229887,"comment_status":"closed","ping_status":"closed","sticky":false,"template":"","format":"standard","meta":{"footnotes":""},"categories":[12870,178],"tags":[12865,12869],"class_list":["post-229886","post","type-post","status-publish","format-standard","has-post-thumbnail","hentry","category-destacadas","category-local","tag-destacadas","tag-local"],"jetpack_featured_media_url":"https:\/\/rnoticias.com.mx\/Portal\/wp-content\/uploads\/2025\/09\/87m.jpg","amp_enabled":true,"_links":{"self":[{"href":"https:\/\/rnoticias.com.mx\/Portal\/wp-json\/wp\/v2\/posts\/229886","targetHints":{"allow":["GET"]}}],"collection":[{"href":"https:\/\/rnoticias.com.mx\/Portal\/wp-json\/wp\/v2\/posts"}],"about":[{"href":"https:\/\/rnoticias.com.mx\/Portal\/wp-json\/wp\/v2\/types\/post"}],"author":[{"embeddable":true,"href":"https:\/\/rnoticias.com.mx\/Portal\/wp-json\/wp\/v2\/users\/2"}],"replies":[{"embeddable":true,"href":"https:\/\/rnoticias.com.mx\/Portal\/wp-json\/wp\/v2\/comments?post=229886"}],"version-history":[{"count":1,"href":"https:\/\/rnoticias.com.mx\/Portal\/wp-json\/wp\/v2\/posts\/229886\/revisions"}],"predecessor-version":[{"id":229888,"href":"https:\/\/rnoticias.com.mx\/Portal\/wp-json\/wp\/v2\/posts\/229886\/revisions\/229888"}],"wp:featuredmedia":[{"embeddable":true,"href":"https:\/\/rnoticias.com.mx\/Portal\/wp-json\/wp\/v2\/media\/229887"}],"wp:attachment":[{"href":"https:\/\/rnoticias.com.mx\/Portal\/wp-json\/wp\/v2\/media?parent=229886"}],"wp:term":[{"taxonomy":"category","embeddable":true,"href":"https:\/\/rnoticias.com.mx\/Portal\/wp-json\/wp\/v2\/categories?post=229886"},{"taxonomy":"post_tag","embeddable":true,"href":"https:\/\/rnoticias.com.mx\/Portal\/wp-json\/wp\/v2\/tags?post=229886"}],"curies":[{"name":"wp","href":"https:\/\/api.w.org\/{rel}","templated":true}]}}