{"id":229878,"date":"2025-09-19T21:03:11","date_gmt":"2025-09-20T04:03:11","guid":{"rendered":"https:\/\/rnoticias.com.mx\/Portal\/?p=229878"},"modified":"2025-09-19T21:03:11","modified_gmt":"2025-09-20T04:03:11","slug":"dictan-prision-preventiva-a-hernan-n-lider-de-la-barredora","status":"publish","type":"post","link":"https:\/\/rnoticias.com.mx\/Portal\/2025\/09\/19\/dictan-prision-preventiva-a-hernan-n-lider-de-la-barredora\/","title":{"rendered":"Dictan prisi\u00f3n preventiva a Hern\u00e1n &#8216;N&#8217;, l\u00edder de La Barredora"},"content":{"rendered":"<p>Un juez de Tabasco dict\u00f3 prisi\u00f3n preventiva al presunto cabecilla de<strong>\u00a0La Barredora, Hern\u00e1n Berm\u00fadez Requena,<\/strong>\u00a0&#8220;El Abuelo&#8221; o &#8220;Comandante H&#8221;,\u00a0<mark><strong>por lo que permanecer\u00e1 preso en el penal de m\u00e1xima seguridad del Altiplano, en el Estado de M\u00e9xico.<\/strong><\/mark><\/p>\n<p>Durante la audiencia inicial celebrada este viernes por videoconferencia,<strong>\u00a0el exjefe policiaco tabasque\u00f1o se reserv\u00f3 su derecho a declarar sobre las acusaciones de asociaci\u00f3n delictuosa, secuestro expr\u00e9s y extorsi\u00f3n\u00a0<\/strong>que le imput\u00f3 la Fiscal\u00eda General del Estado, en la causa penal 386\/2025.<\/p>\n<p>El exfuncionario mexicano estuvo casi cinco d\u00edas preso en Paraguay, luego de ser arrestado el 12 de septiembre pasado en una vivienda lujosa en un barrio cerrado de la ciudad de Mariano Roque Alonso, en las afueras de Asunci\u00f3n.<\/p>\n<p>El mi\u00e9rcoles,\u00a0<strong>las autoridades paraguayas confirmaron la expulsi\u00f3n de Berm\u00fadez Requena, -quien buscaba evitar la extradici\u00f3n a M\u00e9xico-, luego de que se confirm\u00f3 que su ingreso y estancia en Paraguay era &#8220;irregular&#8221;.<\/strong><\/p>\n<p><mark><strong>Berm\u00fadez Requena fue secretario de Seguridad de Tabasco\u00a0<\/strong><\/mark>durante la gesti\u00f3n del entonces gobernador del estado Ad\u00e1n Augusto L\u00f3pez Hern\u00e1ndez (2019-2021), quien ahora es senador del oficialista Movimiento de Regeneraci\u00f3n Nacional (Morena), tras haberse desempe\u00f1ado como secretario de Gobernaci\u00f3n (Interior) con el expresidente Andr\u00e9s Manuel L\u00f3pez Obrador (2018-2024).<\/p>\n<p><mark><strong>Hernan &#8216;N&#8217; contaba con una orden de aprehensi\u00f3n desde febrero pasado por los delitos de asociaci\u00f3n delictuosa, extorsi\u00f3n y secuestro expr\u00e9s en Tabasco, adem\u00e1s de un ficha roja de la Interpol, confirmada en julio por las autoridades mexicanas.<\/strong><\/mark><\/p>\n<p><strong>&#8216;El Abuelo&#8217; o &#8216;Comandante H&#8217; es uno de los presuntos l\u00edderes de la &#8216;La Barredora&#8217;, c\u00e9lula criminal dedicada a delitos como narcomenudeo y extorsi\u00f3n,\u00a0<\/strong>vinculada al CNG<strong>,\u00a0<\/strong>uno de los seis c\u00e1rteles mexicanos que Estados Unidos design\u00f3 como terroristas en febrero.<\/p>\n<p>Seg\u00fan la informaci\u00f3n de inteligencia, el exfuncionario habr\u00eda tenido v\u00ednculos con criminales desde 1999 y un posible arresto en 2006 por la ejecuci\u00f3n de un ganadero.<\/p>\n<p>De acuerdo con las autoridades paraguayas,\u00a0<strong>Berm\u00fadez Requena pretend\u00eda instalar sus operaciones en Paraguay, a donde ingres\u00f3 ilegalmente desde Brasil en una fecha no determinada.<\/strong><\/p>\n","protected":false},"excerpt":{"rendered":"<p>Un juez de Tabasco dict\u00f3 prisi\u00f3n preventiva al presunto cabecilla de\u00a0La Barredora, Hern\u00e1n Berm\u00fadez Requena,\u00a0&#8220;El Abuelo&#8221; o &#8220;Comandante H&#8221;,\u00a0por lo que permanecer\u00e1 preso en el penal de m\u00e1xima seguridad del Altiplano, en el Estado de M\u00e9xico. Durante la audiencia inicial celebrada este viernes por videoconferencia,\u00a0el exjefe policiaco tabasque\u00f1o se reserv\u00f3 su derecho a declarar sobre [&hellip;]<\/p>\n","protected":false},"author":2,"featured_media":229879,"comment_status":"closed","ping_status":"closed","sticky":false,"template":"","format":"standard","meta":{"footnotes":""},"categories":[12870,172],"tags":[12865,12874],"class_list":["post-229878","post","type-post","status-publish","format-standard","has-post-thumbnail","hentry","category-destacadas","category-nacional","tag-destacadas","tag-nacional"],"jetpack_featured_media_url":"https:\/\/rnoticias.com.mx\/Portal\/wp-content\/uploads\/2025\/09\/3379421.webp","amp_enabled":true,"_links":{"self":[{"href":"https:\/\/rnoticias.com.mx\/Portal\/wp-json\/wp\/v2\/posts\/229878","targetHints":{"allow":["GET"]}}],"collection":[{"href":"https:\/\/rnoticias.com.mx\/Portal\/wp-json\/wp\/v2\/posts"}],"about":[{"href":"https:\/\/rnoticias.com.mx\/Portal\/wp-json\/wp\/v2\/types\/post"}],"author":[{"embeddable":true,"href":"https:\/\/rnoticias.com.mx\/Portal\/wp-json\/wp\/v2\/users\/2"}],"replies":[{"embeddable":true,"href":"https:\/\/rnoticias.com.mx\/Portal\/wp-json\/wp\/v2\/comments?post=229878"}],"version-history":[{"count":1,"href":"https:\/\/rnoticias.com.mx\/Portal\/wp-json\/wp\/v2\/posts\/229878\/revisions"}],"predecessor-version":[{"id":229880,"href":"https:\/\/rnoticias.com.mx\/Portal\/wp-json\/wp\/v2\/posts\/229878\/revisions\/229880"}],"wp:featuredmedia":[{"embeddable":true,"href":"https:\/\/rnoticias.com.mx\/Portal\/wp-json\/wp\/v2\/media\/229879"}],"wp:attachment":[{"href":"https:\/\/rnoticias.com.mx\/Portal\/wp-json\/wp\/v2\/media?parent=229878"}],"wp:term":[{"taxonomy":"category","embeddable":true,"href":"https:\/\/rnoticias.com.mx\/Portal\/wp-json\/wp\/v2\/categories?post=229878"},{"taxonomy":"post_tag","embeddable":true,"href":"https:\/\/rnoticias.com.mx\/Portal\/wp-json\/wp\/v2\/tags?post=229878"}],"curies":[{"name":"wp","href":"https:\/\/api.w.org\/{rel}","templated":true}]}}