{"id":229858,"date":"2025-09-19T17:35:54","date_gmt":"2025-09-20T00:35:54","guid":{"rendered":"https:\/\/rnoticias.com.mx\/Portal\/?p=229858"},"modified":"2025-09-19T17:35:54","modified_gmt":"2025-09-20T00:35:54","slug":"diputada-deni-gastelum-presenta-iniciativa-en-materia-de-violencia-familiar","status":"publish","type":"post","link":"https:\/\/rnoticias.com.mx\/Portal\/2025\/09\/19\/diputada-deni-gastelum-presenta-iniciativa-en-materia-de-violencia-familiar\/","title":{"rendered":"Diputada Deni Gast\u00e9lum presenta iniciativa en materia de violencia familiar"},"content":{"rendered":"<p>Hermosillo, Sonora; 19 de septiembre de 2025.\u2013 Con el firme compromiso de fortalecer los derechos humanos de las mujeres, ni\u00f1as, ni\u00f1os y comunidades ind\u00edgenas de Sonora, la diputada Deni Gast\u00e9lum Barreras propuso reformar la Ley de Derechos de los Pueblos y Comunidades Ind\u00edgenas de Sonora, con el objetivo de garantizar una protecci\u00f3n m\u00e1s efectiva frente a la violencia familiar.<\/p>\n<p>La iniciativa plantea sustituir el t\u00e9rmino de \u201cviolencia dom\u00e9stica\u201d por \u201cviolencia familiar\u201d, al considerar que este \u00faltimo abarca de manera m\u00e1s integral las diversas formas de agresi\u00f3n que pueden ocurrir en entornos privados y dentro del \u00e1mbito familiar.<\/p>\n<p>Adem\u00e1s, se propone eliminar pr\u00e1cticas como la mediaci\u00f3n o el avenimiento en casos de violencia familiar dentro de comunidades ind\u00edgenas, ya que hist\u00f3ricamente han colocado a las v\u00edctimas en situaciones de vulnerabilidad. En su lugar, se plantea un marco de actuaci\u00f3n que respete los derechos humanos y asegure la intervenci\u00f3n inmediata y coordinada entre autoridades tradicionales e instituciones del Estado.<\/p>\n<p>\u201cLa figura de la mediaci\u00f3n, tal como se practicaba anteriormente, ha ca\u00eddo en desuso y se ha abandonado la imposici\u00f3n de medidas de avenimiento que puedan poner en desventaja a las v\u00edctimas. En su lugar, se ha adoptado un enfoque de judicializaci\u00f3n donde los actos de violencia son investigados y sancionados penalmente. Adem\u00e1s, se implementan medidas cautelares dise\u00f1adas para proteger a las v\u00edctimas y garantizar su seguridad\u201d, resalt\u00f3.<\/p>\n<p>La reforma propuesta al art\u00edculo 68 establece que, en casos donde se vulnere la integridad de mujeres, ni\u00f1as o ni\u00f1os ind\u00edgenas, las autoridades tradicionales deber\u00e1n intervenir de oficio con medidas de protecci\u00f3n e informar de inmediato al Ministerio P\u00fablico cuando existan indicios de un posible delito.<br \/>\nAsimismo, las acciones de atenci\u00f3n, prevenci\u00f3n y sanci\u00f3n deber\u00e1n desarrollarse en coordinaci\u00f3n con el estado y bajo principios de interseccionalidad, interculturalidad y enfoque diferenciado.<\/p>\n<p>La diputada Gast\u00e9lum destac\u00f3 que esta reforma est\u00e1 alineada con los est\u00e1ndares establecidos en la Convenci\u00f3n sobre la Eliminaci\u00f3n de Todas las Formas de Discriminaci\u00f3n contra la Mujer (CEDAW), la Convenci\u00f3n de Bel\u00e9m do Par\u00e1, el Convenio 169 de la OIT y las leyes nacionales, como la Ley General de Acceso de las Mujeres a una Vida Libre de Violencia y el C\u00f3digo Nacional de Procedimientos Penales, que expresamente proh\u00edben los mecanismos conciliatorios en casos de violencia familiar.<\/p>\n","protected":false},"excerpt":{"rendered":"<p>Hermosillo, Sonora; 19 de septiembre de 2025.\u2013 Con el firme compromiso de fortalecer los derechos humanos de las mujeres, ni\u00f1as, ni\u00f1os y comunidades ind\u00edgenas de Sonora, la diputada Deni Gast\u00e9lum Barreras propuso reformar la Ley de Derechos de los Pueblos y Comunidades Ind\u00edgenas de Sonora, con el objetivo de garantizar una protecci\u00f3n m\u00e1s efectiva frente [&hellip;]<\/p>\n","protected":false},"author":2,"featured_media":229859,"comment_status":"closed","ping_status":"closed","sticky":false,"template":"","format":"standard","meta":{"footnotes":""},"categories":[12870,12868],"tags":[12865,12879],"class_list":["post-229858","post","type-post","status-publish","format-standard","has-post-thumbnail","hentry","category-destacadas","category-politica","tag-destacadas","tag-politica"],"jetpack_featured_media_url":"https:\/\/rnoticias.com.mx\/Portal\/wp-content\/uploads\/2025\/09\/463.jpeg","amp_enabled":true,"_links":{"self":[{"href":"https:\/\/rnoticias.com.mx\/Portal\/wp-json\/wp\/v2\/posts\/229858","targetHints":{"allow":["GET"]}}],"collection":[{"href":"https:\/\/rnoticias.com.mx\/Portal\/wp-json\/wp\/v2\/posts"}],"about":[{"href":"https:\/\/rnoticias.com.mx\/Portal\/wp-json\/wp\/v2\/types\/post"}],"author":[{"embeddable":true,"href":"https:\/\/rnoticias.com.mx\/Portal\/wp-json\/wp\/v2\/users\/2"}],"replies":[{"embeddable":true,"href":"https:\/\/rnoticias.com.mx\/Portal\/wp-json\/wp\/v2\/comments?post=229858"}],"version-history":[{"count":1,"href":"https:\/\/rnoticias.com.mx\/Portal\/wp-json\/wp\/v2\/posts\/229858\/revisions"}],"predecessor-version":[{"id":229860,"href":"https:\/\/rnoticias.com.mx\/Portal\/wp-json\/wp\/v2\/posts\/229858\/revisions\/229860"}],"wp:featuredmedia":[{"embeddable":true,"href":"https:\/\/rnoticias.com.mx\/Portal\/wp-json\/wp\/v2\/media\/229859"}],"wp:attachment":[{"href":"https:\/\/rnoticias.com.mx\/Portal\/wp-json\/wp\/v2\/media?parent=229858"}],"wp:term":[{"taxonomy":"category","embeddable":true,"href":"https:\/\/rnoticias.com.mx\/Portal\/wp-json\/wp\/v2\/categories?post=229858"},{"taxonomy":"post_tag","embeddable":true,"href":"https:\/\/rnoticias.com.mx\/Portal\/wp-json\/wp\/v2\/tags?post=229858"}],"curies":[{"name":"wp","href":"https:\/\/api.w.org\/{rel}","templated":true}]}}