{"id":229843,"date":"2025-09-19T17:25:23","date_gmt":"2025-09-20T00:25:23","guid":{"rendered":"https:\/\/rnoticias.com.mx\/Portal\/?p=229843"},"modified":"2025-09-19T17:25:23","modified_gmt":"2025-09-20T00:25:23","slug":"evacua-gobierno-de-sonora-a-487-personas-del-edificio-de-isssteson-en-simulacro-nacional-de-evacuacion-2","status":"publish","type":"post","link":"https:\/\/rnoticias.com.mx\/Portal\/2025\/09\/19\/evacua-gobierno-de-sonora-a-487-personas-del-edificio-de-isssteson-en-simulacro-nacional-de-evacuacion-2\/","title":{"rendered":"Evacua Gobierno de Sonora a 487 personas del edificio de Isssteson en Simulacro Nacional de Evacuaci\u00f3n"},"content":{"rendered":"<p><b>Hermosillo, Sonora; 19 de septiembre de 2025.-<\/b>\u00a0Con un tiempo de dos minutos y 42 segundos, la brigada de evacuaci\u00f3n de Isssteson desaloj\u00f3 a personal y derechohabientes de las oficinas generales del Instituto, ubicadas en el bulevar Hidalgo en Hermosillo, en el marco del Simulacro Nacional de Evacuaci\u00f3n por el 40 aniversario del sismo de 1985, as\u00ed como del sismo de 2017 en la Ciudad de M\u00e9xico.<\/p>\n<p>En total, salieron del inmueble 487 personas, de las cuales 327 son trabajadores de la instituci\u00f3n y 160 civiles, entre derechohabientes y visitantes que se encontraban en el edificio.<\/p>\n<p>Como parte de las actividades de este d\u00eda, el Centro Integral de Atenci\u00f3n a la Salud (CIAS) Unidad Sur se sum\u00f3 al Simulacro Nacional de Evacuaci\u00f3n, desalojando a 165 personas entre trabajadores y derechohabientes, en un tiempo de dos minutos con 35 segundos.<\/p>\n<p>Adem\u00e1s, por la ma\u00f1ana, personal de Protecci\u00f3n Civil del Centro M\u00e9dico Dr. Ignacio Ch\u00e1vez realiz\u00f3 un simulacro en el que particip\u00f3 \u00fanicamente personal administrativo, y se tienen programados dos ejercicios de evacuaci\u00f3n m\u00e1s durante el fin de semana.<\/p>\n<p>En el simulacro de hoy participaron directivos de Isssteson, encabezados por Luis Alonso Osuna Cota, director general, as\u00ed como directores de hospitales y coordinadores que se encontraban en una reuni\u00f3n de trabajo.<\/p>\n","protected":false},"excerpt":{"rendered":"<p>Hermosillo, Sonora; 19 de septiembre de 2025.-\u00a0Con un tiempo de dos minutos y 42 segundos, la brigada de evacuaci\u00f3n de Isssteson desaloj\u00f3 a personal y derechohabientes de las oficinas generales del Instituto, ubicadas en el bulevar Hidalgo en Hermosillo, en el marco del Simulacro Nacional de Evacuaci\u00f3n por el 40 aniversario del sismo de 1985, [&hellip;]<\/p>\n","protected":false},"author":2,"featured_media":229844,"comment_status":"closed","ping_status":"closed","sticky":false,"template":"","format":"standard","meta":{"footnotes":""},"categories":[178],"tags":[12869],"class_list":["post-229843","post","type-post","status-publish","format-standard","has-post-thumbnail","hentry","category-local","tag-local"],"jetpack_featured_media_url":"https:\/\/rnoticias.com.mx\/Portal\/wp-content\/uploads\/2025\/09\/ISSSTESON2025-SimulacroEvacuacion-05.jpg","amp_enabled":true,"_links":{"self":[{"href":"https:\/\/rnoticias.com.mx\/Portal\/wp-json\/wp\/v2\/posts\/229843","targetHints":{"allow":["GET"]}}],"collection":[{"href":"https:\/\/rnoticias.com.mx\/Portal\/wp-json\/wp\/v2\/posts"}],"about":[{"href":"https:\/\/rnoticias.com.mx\/Portal\/wp-json\/wp\/v2\/types\/post"}],"author":[{"embeddable":true,"href":"https:\/\/rnoticias.com.mx\/Portal\/wp-json\/wp\/v2\/users\/2"}],"replies":[{"embeddable":true,"href":"https:\/\/rnoticias.com.mx\/Portal\/wp-json\/wp\/v2\/comments?post=229843"}],"version-history":[{"count":1,"href":"https:\/\/rnoticias.com.mx\/Portal\/wp-json\/wp\/v2\/posts\/229843\/revisions"}],"predecessor-version":[{"id":229845,"href":"https:\/\/rnoticias.com.mx\/Portal\/wp-json\/wp\/v2\/posts\/229843\/revisions\/229845"}],"wp:featuredmedia":[{"embeddable":true,"href":"https:\/\/rnoticias.com.mx\/Portal\/wp-json\/wp\/v2\/media\/229844"}],"wp:attachment":[{"href":"https:\/\/rnoticias.com.mx\/Portal\/wp-json\/wp\/v2\/media?parent=229843"}],"wp:term":[{"taxonomy":"category","embeddable":true,"href":"https:\/\/rnoticias.com.mx\/Portal\/wp-json\/wp\/v2\/categories?post=229843"},{"taxonomy":"post_tag","embeddable":true,"href":"https:\/\/rnoticias.com.mx\/Portal\/wp-json\/wp\/v2\/tags?post=229843"}],"curies":[{"name":"wp","href":"https:\/\/api.w.org\/{rel}","templated":true}]}}