{"id":229840,"date":"2025-09-19T17:23:45","date_gmt":"2025-09-20T00:23:45","guid":{"rendered":"https:\/\/rnoticias.com.mx\/Portal\/?p=229840"},"modified":"2025-09-19T17:23:45","modified_gmt":"2025-09-20T00:23:45","slug":"promueve-gobierno-de-sonora-uso-responsable-de-la-linea-9-1-1","status":"publish","type":"post","link":"https:\/\/rnoticias.com.mx\/Portal\/2025\/09\/19\/promueve-gobierno-de-sonora-uso-responsable-de-la-linea-9-1-1\/","title":{"rendered":"Promueve Gobierno de Sonora uso responsable de la l\u00ednea 9-1-1"},"content":{"rendered":"<p>Hermosillo, Sonora; 19 de septiembre de 2025.- Para crear conciencia entre la ciudadan\u00eda sobre la importancia de utilizar con responsabilidad la l\u00ednea 9-1-1 para reportar emergencias de salud, seguridad y protecci\u00f3n civil, el Gobierno de Sonora promueve de manera permanente Operativos Informativos en escuelas, colonias, comercios y calles de los municipios.<\/p>\n<p>Como parte de las actividades del Simulacro Nacional 2025, a trav\u00e9s de la Secretar\u00eda de Seguridad P\u00fablica (SSP) se refrend\u00f3 el compromiso de fortalecer el trabajo de difusi\u00f3n sobre la operatividad de esta l\u00ednea que comunica a las y los ciudadanos con las autoridades.<\/p>\n<p>Con actividades constantes por parte de los equipos del Centro Estatal de Prevenci\u00f3n del Delito y Participaci\u00f3n Ciudadana y del Centro de Control, Comando, Comunicaci\u00f3n, C\u00f3mputo, Coordinaci\u00f3n e Inteligencia (C5I), se abona a la cultura del uso adecuado de este n\u00famero \u00fanico para recibir reportes ante una emergencia.<\/p>\n<p>La SSP Sonora reiter\u00f3 que la l\u00ednea 9-1-1 cuenta con personal en funciones de operadoras y operadores, capacitados para atender los llamados de la ciudadan\u00eda con disponibilidad los 365 d\u00edas del a\u00f1o.<\/p>\n","protected":false},"excerpt":{"rendered":"<p>Hermosillo, Sonora; 19 de septiembre de 2025.- Para crear conciencia entre la ciudadan\u00eda sobre la importancia de utilizar con responsabilidad la l\u00ednea 9-1-1 para reportar emergencias de salud, seguridad y protecci\u00f3n civil, el Gobierno de Sonora promueve de manera permanente Operativos Informativos en escuelas, colonias, comercios y calles de los municipios. Como parte de las [&hellip;]<\/p>\n","protected":false},"author":2,"featured_media":229841,"comment_status":"closed","ping_status":"closed","sticky":false,"template":"","format":"standard","meta":{"footnotes":""},"categories":[178],"tags":[12869],"class_list":["post-229840","post","type-post","status-publish","format-standard","has-post-thumbnail","hentry","category-local","tag-local"],"jetpack_featured_media_url":"https:\/\/rnoticias.com.mx\/Portal\/wp-content\/uploads\/2025\/09\/unnamed-1-17.jpg","amp_enabled":true,"_links":{"self":[{"href":"https:\/\/rnoticias.com.mx\/Portal\/wp-json\/wp\/v2\/posts\/229840","targetHints":{"allow":["GET"]}}],"collection":[{"href":"https:\/\/rnoticias.com.mx\/Portal\/wp-json\/wp\/v2\/posts"}],"about":[{"href":"https:\/\/rnoticias.com.mx\/Portal\/wp-json\/wp\/v2\/types\/post"}],"author":[{"embeddable":true,"href":"https:\/\/rnoticias.com.mx\/Portal\/wp-json\/wp\/v2\/users\/2"}],"replies":[{"embeddable":true,"href":"https:\/\/rnoticias.com.mx\/Portal\/wp-json\/wp\/v2\/comments?post=229840"}],"version-history":[{"count":1,"href":"https:\/\/rnoticias.com.mx\/Portal\/wp-json\/wp\/v2\/posts\/229840\/revisions"}],"predecessor-version":[{"id":229842,"href":"https:\/\/rnoticias.com.mx\/Portal\/wp-json\/wp\/v2\/posts\/229840\/revisions\/229842"}],"wp:featuredmedia":[{"embeddable":true,"href":"https:\/\/rnoticias.com.mx\/Portal\/wp-json\/wp\/v2\/media\/229841"}],"wp:attachment":[{"href":"https:\/\/rnoticias.com.mx\/Portal\/wp-json\/wp\/v2\/media?parent=229840"}],"wp:term":[{"taxonomy":"category","embeddable":true,"href":"https:\/\/rnoticias.com.mx\/Portal\/wp-json\/wp\/v2\/categories?post=229840"},{"taxonomy":"post_tag","embeddable":true,"href":"https:\/\/rnoticias.com.mx\/Portal\/wp-json\/wp\/v2\/tags?post=229840"}],"curies":[{"name":"wp","href":"https:\/\/api.w.org\/{rel}","templated":true}]}}