{"id":229834,"date":"2025-09-19T17:20:25","date_gmt":"2025-09-20T00:20:25","guid":{"rendered":"https:\/\/rnoticias.com.mx\/Portal\/?p=229834"},"modified":"2025-09-19T17:20:25","modified_gmt":"2025-09-20T00:20:25","slug":"iniciara-imtes-operativo-de-revision-a-360-unidades-del-transporte-urbano","status":"publish","type":"post","link":"https:\/\/rnoticias.com.mx\/Portal\/2025\/09\/19\/iniciara-imtes-operativo-de-revision-a-360-unidades-del-transporte-urbano\/","title":{"rendered":"Iniciar\u00e1 IMTES operativo de revisi\u00f3n a 360 unidades del transporte urbano"},"content":{"rendered":"<p>Tras el reciente incendio de una unidad de transporte, el Instituto de Movilidad y Transporte del Estado de Sonora (IMTES) arrancar\u00e1 este lunes 22 de septiembre un operativo especial de revisi\u00f3n a toda la flota, inform\u00f3 su titular, Carlos Sosa Casta\u00f1eda.<\/p>\n<p>&nbsp;<\/p>\n<p>Detall\u00f3 que se trata de la segunda revisi\u00f3n anual de las 360 unidades, con \u00e9nfasis en sistemas el\u00e9ctricos y motores, adem\u00e1s de la detecci\u00f3n de fugas de aceite, como medida preventiva.<\/p>\n<p>&nbsp;<\/p>\n<p>\u201cVamos a iniciar, seleccionamos unidades, la empresa sabe que esas unidades nosotros las seleccionamos de manera aleatoria,\u00a0las unidades no salen a circular ese d\u00eda. Ellos tienen un soporte de 25 o 30 unidades para poder cubrir el servicio,\u00a0la idea es no afectar el servicio, pero s\u00ed estar revisando las unidades\u201d, dijo.<\/p>\n<p>&nbsp;<\/p>\n<p>Enfatiz\u00f3, que unidad que no cumpla con alg\u00fan tema de vida \u00fatil o de calificaci\u00f3n aprobatoria no podr\u00e1n circular hasta que puedan cumplir con la misma y con cada una de las observaciones se\u00f1aladas.<\/p>\n<p>&nbsp;<\/p>\n<p>Por \u00faltimo, agreg\u00f3, que como parte de las acciones, tambi\u00e9n se capacit\u00f3 a operadores en el uso de extintores en coordinaci\u00f3n con Protecci\u00f3n Civil, y se contar\u00e1 con el apoyo de mec\u00e1nicos el\u00e9ctricos especializados para reforzar la seguridad de los usuarios.<\/p>\n<p>&nbsp;<\/p>\n","protected":false},"excerpt":{"rendered":"<p>Tras el reciente incendio de una unidad de transporte, el Instituto de Movilidad y Transporte del Estado de Sonora (IMTES) arrancar\u00e1 este lunes 22 de septiembre un operativo especial de revisi\u00f3n a toda la flota, inform\u00f3 su titular, Carlos Sosa Casta\u00f1eda. &nbsp; Detall\u00f3 que se trata de la segunda revisi\u00f3n anual de las 360 unidades, [&hellip;]<\/p>\n","protected":false},"author":2,"featured_media":229835,"comment_status":"closed","ping_status":"closed","sticky":false,"template":"","format":"standard","meta":{"footnotes":""},"categories":[12870,178],"tags":[12865,12869],"class_list":["post-229834","post","type-post","status-publish","format-standard","has-post-thumbnail","hentry","category-destacadas","category-local","tag-destacadas","tag-local"],"jetpack_featured_media_url":"https:\/\/rnoticias.com.mx\/Portal\/wp-content\/uploads\/2025\/09\/45e4ae70-f9db-44fb-a427-72a2bcd02eda.jpg","amp_enabled":true,"_links":{"self":[{"href":"https:\/\/rnoticias.com.mx\/Portal\/wp-json\/wp\/v2\/posts\/229834","targetHints":{"allow":["GET"]}}],"collection":[{"href":"https:\/\/rnoticias.com.mx\/Portal\/wp-json\/wp\/v2\/posts"}],"about":[{"href":"https:\/\/rnoticias.com.mx\/Portal\/wp-json\/wp\/v2\/types\/post"}],"author":[{"embeddable":true,"href":"https:\/\/rnoticias.com.mx\/Portal\/wp-json\/wp\/v2\/users\/2"}],"replies":[{"embeddable":true,"href":"https:\/\/rnoticias.com.mx\/Portal\/wp-json\/wp\/v2\/comments?post=229834"}],"version-history":[{"count":1,"href":"https:\/\/rnoticias.com.mx\/Portal\/wp-json\/wp\/v2\/posts\/229834\/revisions"}],"predecessor-version":[{"id":229836,"href":"https:\/\/rnoticias.com.mx\/Portal\/wp-json\/wp\/v2\/posts\/229834\/revisions\/229836"}],"wp:featuredmedia":[{"embeddable":true,"href":"https:\/\/rnoticias.com.mx\/Portal\/wp-json\/wp\/v2\/media\/229835"}],"wp:attachment":[{"href":"https:\/\/rnoticias.com.mx\/Portal\/wp-json\/wp\/v2\/media?parent=229834"}],"wp:term":[{"taxonomy":"category","embeddable":true,"href":"https:\/\/rnoticias.com.mx\/Portal\/wp-json\/wp\/v2\/categories?post=229834"},{"taxonomy":"post_tag","embeddable":true,"href":"https:\/\/rnoticias.com.mx\/Portal\/wp-json\/wp\/v2\/tags?post=229834"}],"curies":[{"name":"wp","href":"https:\/\/api.w.org\/{rel}","templated":true}]}}