{"id":229828,"date":"2025-09-19T16:51:31","date_gmt":"2025-09-19T23:51:31","guid":{"rendered":"https:\/\/rnoticias.com.mx\/Portal\/?p=229828"},"modified":"2025-09-19T16:51:31","modified_gmt":"2025-09-19T23:51:31","slug":"quien-fue-carlos-gurrola-el-papayita-trabajador-que-murio-por-broma-de-sus-companeros","status":"publish","type":"post","link":"https:\/\/rnoticias.com.mx\/Portal\/2025\/09\/19\/quien-fue-carlos-gurrola-el-papayita-trabajador-que-murio-por-broma-de-sus-companeros\/","title":{"rendered":"Qui\u00e9n fue Carlos Gurrola &#8220;El Papayita&#8221;, trabajador que muri\u00f3 por broma de sus compa\u00f1eros"},"content":{"rendered":"<p><mark><strong>Carlos Gurrola Arguijo, de 47 a\u00f1os, trabajaba en un centro comercial de Torre\u00f3n, Coahuila como parte de una empresa contratista de limpieza.\u00a0<\/strong><\/mark><\/p>\n<p>El pasado 30 de agosto, tras regresar de su almuerzo,\u00a0<strong>tom\u00f3 un sorbo de su botella de electrolitos, sin saber que conten\u00eda un l\u00edquido desengrasante colocado por sus compa\u00f1eros como parte de una \u201cbroma pesada\u201d.<\/strong><\/p>\n<p>De inmediato sinti\u00f3 un sabor extra\u00f1o y desech\u00f3 el envase, pero el da\u00f1o ya estaba hecho. Horas m\u00e1s tarde, su estado de salud se complic\u00f3, y\u00a0<mark><strong>finalmente falleci\u00f3 el jueves 18 de septiembre en la Cl\u00ednica 71 del IMSS.<\/strong><\/mark><\/p>\n<div class=\" b2\"><\/div>\n<h3>Acoso constante en su lugar de trabajo<\/h3>\n<p>De acuerdo con testimonios de su familia,<strong>\u00a0Carlos era v\u00edctima recurrente de burlas y hostigamiento.\u00a0<\/strong>Sus compa\u00f1eros sol\u00edan esconderle la comida, da\u00f1ar su bicicleta \u2014su medio de transporte\u2014 o incluso esconderle el celular.<br \/>\n<mark><strong>La \u00faltima de estas \u201cbromas\u201d fue la que le arrebat\u00f3 la vida, evidenciando un patr\u00f3n de maltrato laboral.<\/strong><\/mark><\/p>\n<h3>Irregularidades en la atenci\u00f3n del caso de Carlos Gurrola &#8220;El Papayita&#8221;<\/h3>\n<p>La familia denunci\u00f3 que la empresa\u00a0<strong>no le brind\u00f3 atenci\u00f3n m\u00e9dica inmediata y que incluso fueron notificados del accidente casi tres horas despu\u00e9s de lo ocurrido.\u00a0<\/strong>Ante la falta de respuesta, ellos mismos trasladaron a Carlos a la Cruz Roja.<\/p>\n<p>Otro hecho que ha generado sospechas es que la botella donde estaba la sustancia fue tirada por una compa\u00f1era, desapareciendo una prueba clave para la investigaci\u00f3n.<\/p>\n<h3>Investigaci\u00f3n en curso Carlos Gurrola &#8220;El Papayita&#8221;<\/h3>\n<p><mark><strong>La Fiscal\u00eda General del Estado de Coahuila inform\u00f3 que ya abri\u00f3 una carpeta de investigaci\u00f3n,\u00a0<\/strong><\/mark>solicit\u00f3 las videograbaciones del lugar y recaba testimonios de testigos para esclarecer lo sucedido.<\/p>\n<p>Por ahora, la familia de Carlos Gurrola exige justicia y ha recibido muestras de solidaridad a trav\u00e9s de redes sociales, donde \u201cEl Papayita\u201d es recordado con cari\u00f1o y pesar.<\/p>\n","protected":false},"excerpt":{"rendered":"<p>Carlos Gurrola Arguijo, de 47 a\u00f1os, trabajaba en un centro comercial de Torre\u00f3n, Coahuila como parte de una empresa contratista de limpieza.\u00a0 El pasado 30 de agosto, tras regresar de su almuerzo,\u00a0tom\u00f3 un sorbo de su botella de electrolitos, sin saber que conten\u00eda un l\u00edquido desengrasante colocado por sus compa\u00f1eros como parte de una \u201cbroma [&hellip;]<\/p>\n","protected":false},"author":2,"featured_media":229829,"comment_status":"closed","ping_status":"closed","sticky":false,"template":"","format":"standard","meta":{"footnotes":""},"categories":[12870,172],"tags":[12865,12874],"class_list":["post-229828","post","type-post","status-publish","format-standard","has-post-thumbnail","hentry","category-destacadas","category-nacional","tag-destacadas","tag-nacional"],"jetpack_featured_media_url":"https:\/\/rnoticias.com.mx\/Portal\/wp-content\/uploads\/2025\/09\/3383122.webp","amp_enabled":true,"_links":{"self":[{"href":"https:\/\/rnoticias.com.mx\/Portal\/wp-json\/wp\/v2\/posts\/229828","targetHints":{"allow":["GET"]}}],"collection":[{"href":"https:\/\/rnoticias.com.mx\/Portal\/wp-json\/wp\/v2\/posts"}],"about":[{"href":"https:\/\/rnoticias.com.mx\/Portal\/wp-json\/wp\/v2\/types\/post"}],"author":[{"embeddable":true,"href":"https:\/\/rnoticias.com.mx\/Portal\/wp-json\/wp\/v2\/users\/2"}],"replies":[{"embeddable":true,"href":"https:\/\/rnoticias.com.mx\/Portal\/wp-json\/wp\/v2\/comments?post=229828"}],"version-history":[{"count":1,"href":"https:\/\/rnoticias.com.mx\/Portal\/wp-json\/wp\/v2\/posts\/229828\/revisions"}],"predecessor-version":[{"id":229830,"href":"https:\/\/rnoticias.com.mx\/Portal\/wp-json\/wp\/v2\/posts\/229828\/revisions\/229830"}],"wp:featuredmedia":[{"embeddable":true,"href":"https:\/\/rnoticias.com.mx\/Portal\/wp-json\/wp\/v2\/media\/229829"}],"wp:attachment":[{"href":"https:\/\/rnoticias.com.mx\/Portal\/wp-json\/wp\/v2\/media?parent=229828"}],"wp:term":[{"taxonomy":"category","embeddable":true,"href":"https:\/\/rnoticias.com.mx\/Portal\/wp-json\/wp\/v2\/categories?post=229828"},{"taxonomy":"post_tag","embeddable":true,"href":"https:\/\/rnoticias.com.mx\/Portal\/wp-json\/wp\/v2\/tags?post=229828"}],"curies":[{"name":"wp","href":"https:\/\/api.w.org\/{rel}","templated":true}]}}