{"id":229825,"date":"2025-09-19T16:50:14","date_gmt":"2025-09-19T23:50:14","guid":{"rendered":"https:\/\/rnoticias.com.mx\/Portal\/?p=229825"},"modified":"2025-09-19T16:50:14","modified_gmt":"2025-09-19T23:50:14","slug":"la-millonaria-cantidad-que-justin-bieber-cobrara-en-coachella-2026","status":"publish","type":"post","link":"https:\/\/rnoticias.com.mx\/Portal\/2025\/09\/19\/la-millonaria-cantidad-que-justin-bieber-cobrara-en-coachella-2026\/","title":{"rendered":"La millonaria cantidad que Justin Bieber cobrar\u00e1 en Coachella 2026"},"content":{"rendered":"<p><strong>El regreso de Justin Bieber a los escenarios ser\u00e1 uno de los m\u00e1s caros,\u00a0<\/strong>y es que, a tan solo unos d\u00edas de haber sido anunciado como headliner del Coachella 2026, se revel\u00f3 que\u00a0<mark><strong>recibir\u00e1 una cifra de m\u00e1s de seis ceros por su actuaci\u00f3n.<\/strong><\/mark><\/p>\n<h3>\u00bfCu\u00e1nto cobrar\u00e1 Justin Bieber por su participaci\u00f3n en Coachella 2026?<\/h3>\n<p><strong>De acuerdo con informaci\u00f3n publicada por la revista &#8220;Rolling Stone&#8221;,\u00a0<\/strong><mark><strong>Bieber negoci\u00f3 un contrato de 10 millones de d\u00f3lares.\u00a0<\/strong><\/mark>Lo jugoso de este trato es que el artista no ocup\u00f3 a ning\u00fan intermediario, por lo que todo ese dinero ir\u00e1 integro a sus cuentas bancarias:<\/p>\n<p>\u201cEs un paso revolucionario para un cabeza de cartel, y\u00a0<mark><strong>es algo que construy\u00f3 completamente por su cuenta\u201d,\u00a0<\/strong><\/mark>dijo una fuente cercana al artista.<\/p>\n<p>Asimismo, la fuente explic\u00f3 que el pago se realizar\u00e1 en dos partes: cada una de 5 millones, una cantidad nada despreciable para iniciarse como una estrella independiente.<\/p>\n<h3>Justin Bieber encabezara \u00a0Coachella 2026<\/h3>\n<p>\u201cEntre ser cabeza de cartel en Coachella y el \u00e9xito de \u2018Swag\u2019 (su nuevo disco), est\u00e1 claro que e<strong>ste es el comienzo de una nueva y emocionante era para Justin, una en la que \u00e9l tiene el control total\u201d,\u00a0<\/strong>a\u00f1adi\u00f3.<\/p>\n<p>Su show en Coachella marcar\u00e1 la primera presentaci\u00f3n de Bieber en Estados Unidos desde su Justice World Tour (en 2022) y una ausencia prolongada que ha mantenido expectantes a sus seguidores.<\/p>\n<h3>\u00bfCu\u00e1ndo ser\u00e1 el festival Coachella 2026?<\/h3>\n<p><mark><strong>El festival de Indio, California, se celebrar\u00e1 del 10 al 12 y del 17 al 19 de abril de 2026,\u00a0<\/strong><\/mark>con un cartel que tambi\u00e9n incluye a Sabrina Carpenter, Karol G, The Strokes y los mexicanos Cachirula &amp; Looja.<\/p>\n","protected":false},"excerpt":{"rendered":"<p>El regreso de Justin Bieber a los escenarios ser\u00e1 uno de los m\u00e1s caros,\u00a0y es que, a tan solo unos d\u00edas de haber sido anunciado como headliner del Coachella 2026, se revel\u00f3 que\u00a0recibir\u00e1 una cifra de m\u00e1s de seis ceros por su actuaci\u00f3n. \u00bfCu\u00e1nto cobrar\u00e1 Justin Bieber por su participaci\u00f3n en Coachella 2026? De acuerdo [&hellip;]<\/p>\n","protected":false},"author":2,"featured_media":229826,"comment_status":"closed","ping_status":"closed","sticky":false,"template":"","format":"standard","meta":{"footnotes":""},"categories":[12870,219],"tags":[12865,12875],"class_list":["post-229825","post","type-post","status-publish","format-standard","has-post-thumbnail","hentry","category-destacadas","category-espectaculos","tag-destacadas","tag-espectaculos"],"jetpack_featured_media_url":"https:\/\/rnoticias.com.mx\/Portal\/wp-content\/uploads\/2025\/09\/270539xeva20250916105655.webp","amp_enabled":true,"_links":{"self":[{"href":"https:\/\/rnoticias.com.mx\/Portal\/wp-json\/wp\/v2\/posts\/229825","targetHints":{"allow":["GET"]}}],"collection":[{"href":"https:\/\/rnoticias.com.mx\/Portal\/wp-json\/wp\/v2\/posts"}],"about":[{"href":"https:\/\/rnoticias.com.mx\/Portal\/wp-json\/wp\/v2\/types\/post"}],"author":[{"embeddable":true,"href":"https:\/\/rnoticias.com.mx\/Portal\/wp-json\/wp\/v2\/users\/2"}],"replies":[{"embeddable":true,"href":"https:\/\/rnoticias.com.mx\/Portal\/wp-json\/wp\/v2\/comments?post=229825"}],"version-history":[{"count":1,"href":"https:\/\/rnoticias.com.mx\/Portal\/wp-json\/wp\/v2\/posts\/229825\/revisions"}],"predecessor-version":[{"id":229827,"href":"https:\/\/rnoticias.com.mx\/Portal\/wp-json\/wp\/v2\/posts\/229825\/revisions\/229827"}],"wp:featuredmedia":[{"embeddable":true,"href":"https:\/\/rnoticias.com.mx\/Portal\/wp-json\/wp\/v2\/media\/229826"}],"wp:attachment":[{"href":"https:\/\/rnoticias.com.mx\/Portal\/wp-json\/wp\/v2\/media?parent=229825"}],"wp:term":[{"taxonomy":"category","embeddable":true,"href":"https:\/\/rnoticias.com.mx\/Portal\/wp-json\/wp\/v2\/categories?post=229825"},{"taxonomy":"post_tag","embeddable":true,"href":"https:\/\/rnoticias.com.mx\/Portal\/wp-json\/wp\/v2\/tags?post=229825"}],"curies":[{"name":"wp","href":"https:\/\/api.w.org\/{rel}","templated":true}]}}