{"id":229783,"date":"2025-09-18T21:44:23","date_gmt":"2025-09-19T04:44:23","guid":{"rendered":"https:\/\/rnoticias.com.mx\/Portal\/?p=229783"},"modified":"2025-09-18T21:44:23","modified_gmt":"2025-09-19T04:44:23","slug":"invita-gobierno-municipal-a-la-feria-del-reciclaje-del-programa-biciclando","status":"publish","type":"post","link":"https:\/\/rnoticias.com.mx\/Portal\/2025\/09\/18\/invita-gobierno-municipal-a-la-feria-del-reciclaje-del-programa-biciclando\/","title":{"rendered":"Invita Gobierno Municipal a la Feria del Reciclaje del programa Biciclando"},"content":{"rendered":"<div><b data-olk-copy-source=\"MessageBody\">Hermosillo, Sonora; 18 de septiembre de 2025.-<\/b>\u00a0El Ayuntamiento de Hermosillo, en coordinaci\u00f3n con el programa Biciclando, invita a la comunidad hermosillense a participar en la Feria del Reciclaje, que se llevar\u00e1 a cabo este s\u00e1bado 20 de septiembre.<\/p>\n<p>La actividad iniciar\u00e1 a las 17:30 horas en el Centro de Econom\u00eda Circular, ubicado a un costado de la entrada principal del parque Memorial Y\u00e1\u00f1ez (antes Pante\u00f3n Y\u00e1\u00f1ez).<\/p>\n<p>Las y los asistentes podr\u00e1n llevar materiales reciclables previamente separados en casa, como envases de PET, cart\u00f3n, papel, latas y aluminio.<\/p>\n<p>La feria tambi\u00e9n permitir\u00e1 conocer m\u00e1s sobre el programa Biciclando y a sus protagonistas: las bicicladoras, mujeres emprendedoras que recorren los hogares de Hermosillo en bicicletas electroasistidas equipadas con contenedores, recolectando materiales reciclables.<\/p>\n<p>Adem\u00e1s, se ofrecer\u00e1n talleres y actividades para todas las edades, pensados para que las familias disfruten de un espacio distinto a la rutina y descubran maneras creativas de aprovechar los desechos del hogar.<\/p><\/div>\n<p>&nbsp;<\/p>\n<p>&#8212;<\/p>\n","protected":false},"excerpt":{"rendered":"<p>Hermosillo, Sonora; 18 de septiembre de 2025.-\u00a0El Ayuntamiento de Hermosillo, en coordinaci\u00f3n con el programa Biciclando, invita a la comunidad hermosillense a participar en la Feria del Reciclaje, que se llevar\u00e1 a cabo este s\u00e1bado 20 de septiembre. La actividad iniciar\u00e1 a las 17:30 horas en el Centro de Econom\u00eda Circular, ubicado a un costado [&hellip;]<\/p>\n","protected":false},"author":2,"featured_media":229784,"comment_status":"closed","ping_status":"closed","sticky":false,"template":"","format":"standard","meta":{"footnotes":""},"categories":[12870,178],"tags":[12865,12869],"class_list":["post-229783","post","type-post","status-publish","format-standard","has-post-thumbnail","hentry","category-destacadas","category-local","tag-destacadas","tag-local"],"jetpack_featured_media_url":"https:\/\/rnoticias.com.mx\/Portal\/wp-content\/uploads\/2025\/09\/8w.jpeg","amp_enabled":true,"_links":{"self":[{"href":"https:\/\/rnoticias.com.mx\/Portal\/wp-json\/wp\/v2\/posts\/229783","targetHints":{"allow":["GET"]}}],"collection":[{"href":"https:\/\/rnoticias.com.mx\/Portal\/wp-json\/wp\/v2\/posts"}],"about":[{"href":"https:\/\/rnoticias.com.mx\/Portal\/wp-json\/wp\/v2\/types\/post"}],"author":[{"embeddable":true,"href":"https:\/\/rnoticias.com.mx\/Portal\/wp-json\/wp\/v2\/users\/2"}],"replies":[{"embeddable":true,"href":"https:\/\/rnoticias.com.mx\/Portal\/wp-json\/wp\/v2\/comments?post=229783"}],"version-history":[{"count":1,"href":"https:\/\/rnoticias.com.mx\/Portal\/wp-json\/wp\/v2\/posts\/229783\/revisions"}],"predecessor-version":[{"id":229785,"href":"https:\/\/rnoticias.com.mx\/Portal\/wp-json\/wp\/v2\/posts\/229783\/revisions\/229785"}],"wp:featuredmedia":[{"embeddable":true,"href":"https:\/\/rnoticias.com.mx\/Portal\/wp-json\/wp\/v2\/media\/229784"}],"wp:attachment":[{"href":"https:\/\/rnoticias.com.mx\/Portal\/wp-json\/wp\/v2\/media?parent=229783"}],"wp:term":[{"taxonomy":"category","embeddable":true,"href":"https:\/\/rnoticias.com.mx\/Portal\/wp-json\/wp\/v2\/categories?post=229783"},{"taxonomy":"post_tag","embeddable":true,"href":"https:\/\/rnoticias.com.mx\/Portal\/wp-json\/wp\/v2\/tags?post=229783"}],"curies":[{"name":"wp","href":"https:\/\/api.w.org\/{rel}","templated":true}]}}