{"id":229761,"date":"2025-09-18T21:08:10","date_gmt":"2025-09-19T04:08:10","guid":{"rendered":"https:\/\/rnoticias.com.mx\/Portal\/?p=229761"},"modified":"2025-09-18T21:08:10","modified_gmt":"2025-09-19T04:08:10","slug":"ofreceran-curso-gratuito-de-lengua-de-senas","status":"publish","type":"post","link":"https:\/\/rnoticias.com.mx\/Portal\/2025\/09\/18\/ofreceran-curso-gratuito-de-lengua-de-senas\/","title":{"rendered":"Ofrecer\u00e1n curso gratuito de Lengua de Se\u00f1as"},"content":{"rendered":"<p>Hermosillo, Sonora. Con el objetivo de promover la inclusi\u00f3n, la Fundaci\u00f3n Corre Conmigo invita al curso gratuito de Lengua de Se\u00f1as los d\u00edas 20 y 27 de septiembre en el Parque La Ruina, Hermosillo.<\/p>\n<p>&nbsp;<\/p>\n<p>El curso ser\u00e1 impartido por la activista Fernanda Islas y busca brindar herramientas b\u00e1sicas de comunicaci\u00f3n de cara a la Carrera Corre Conmigo, que se realizar\u00e1 el 5 de octubre.<\/p>\n<p>&nbsp;<\/p>\n<p>\u201cQueremos que, si asiste alguna persona sorda, podamos comunicarnos y hacerla sentir bienvenida. Nuestra intenci\u00f3n es la inclusi\u00f3n de todas las personas\u201d, expres\u00f3 Paloma Torres, secretaria de la Fundaci\u00f3n.<\/p>\n<p>&nbsp;<\/p>\n<p>Finalmente Paloma Torres, dijo que las sesiones se realizar\u00e1n ambas fechas en horarios de 15:00 a 17:00 horas y est\u00e1n abiertas al p\u00fablico en general.<\/p>\n<p>&nbsp;<\/p>\n","protected":false},"excerpt":{"rendered":"<p>Hermosillo, Sonora. Con el objetivo de promover la inclusi\u00f3n, la Fundaci\u00f3n Corre Conmigo invita al curso gratuito de Lengua de Se\u00f1as los d\u00edas 20 y 27 de septiembre en el Parque La Ruina, Hermosillo. &nbsp; El curso ser\u00e1 impartido por la activista Fernanda Islas y busca brindar herramientas b\u00e1sicas de comunicaci\u00f3n de cara a la [&hellip;]<\/p>\n","protected":false},"author":2,"featured_media":229762,"comment_status":"closed","ping_status":"closed","sticky":false,"template":"","format":"standard","meta":{"footnotes":""},"categories":[12870,178],"tags":[12865,12869],"class_list":["post-229761","post","type-post","status-publish","format-standard","has-post-thumbnail","hentry","category-destacadas","category-local","tag-destacadas","tag-local"],"jetpack_featured_media_url":"https:\/\/rnoticias.com.mx\/Portal\/wp-content\/uploads\/2025\/09\/Los-Cabos-abre-inscripciones-para-curso-gratuito-LSM-n-1024x576-1.webp","amp_enabled":true,"_links":{"self":[{"href":"https:\/\/rnoticias.com.mx\/Portal\/wp-json\/wp\/v2\/posts\/229761","targetHints":{"allow":["GET"]}}],"collection":[{"href":"https:\/\/rnoticias.com.mx\/Portal\/wp-json\/wp\/v2\/posts"}],"about":[{"href":"https:\/\/rnoticias.com.mx\/Portal\/wp-json\/wp\/v2\/types\/post"}],"author":[{"embeddable":true,"href":"https:\/\/rnoticias.com.mx\/Portal\/wp-json\/wp\/v2\/users\/2"}],"replies":[{"embeddable":true,"href":"https:\/\/rnoticias.com.mx\/Portal\/wp-json\/wp\/v2\/comments?post=229761"}],"version-history":[{"count":1,"href":"https:\/\/rnoticias.com.mx\/Portal\/wp-json\/wp\/v2\/posts\/229761\/revisions"}],"predecessor-version":[{"id":229763,"href":"https:\/\/rnoticias.com.mx\/Portal\/wp-json\/wp\/v2\/posts\/229761\/revisions\/229763"}],"wp:featuredmedia":[{"embeddable":true,"href":"https:\/\/rnoticias.com.mx\/Portal\/wp-json\/wp\/v2\/media\/229762"}],"wp:attachment":[{"href":"https:\/\/rnoticias.com.mx\/Portal\/wp-json\/wp\/v2\/media?parent=229761"}],"wp:term":[{"taxonomy":"category","embeddable":true,"href":"https:\/\/rnoticias.com.mx\/Portal\/wp-json\/wp\/v2\/categories?post=229761"},{"taxonomy":"post_tag","embeddable":true,"href":"https:\/\/rnoticias.com.mx\/Portal\/wp-json\/wp\/v2\/tags?post=229761"}],"curies":[{"name":"wp","href":"https:\/\/api.w.org\/{rel}","templated":true}]}}