{"id":229743,"date":"2025-09-18T20:58:01","date_gmt":"2025-09-19T03:58:01","guid":{"rendered":"https:\/\/rnoticias.com.mx\/Portal\/?p=229743"},"modified":"2025-09-18T20:58:01","modified_gmt":"2025-09-19T03:58:01","slug":"urge-atencion-federal-ante-crisis-de-rentabilidad-agricola-en-sonora-diputado-jesus-tadeo-mendivil","status":"publish","type":"post","link":"https:\/\/rnoticias.com.mx\/Portal\/2025\/09\/18\/urge-atencion-federal-ante-crisis-de-rentabilidad-agricola-en-sonora-diputado-jesus-tadeo-mendivil\/","title":{"rendered":"Urge atenci\u00f3n federal ante crisis de rentabilidad agr\u00edcola en Sonora: diputado Jes\u00fas Tadeo Mend\u00edvil."},"content":{"rendered":"<p>Hermosillo, Sonora; 18 de septiembre de 2025.- Desde la m\u00e1xima tribuna del Congreso del Estado, el diputado Jes\u00fas Tadeo Mend\u00edvil Valenzuela alz\u00f3 la voz en nombre de las y los agricultores sonorenses para denunciar la grave crisis de rentabilidad que atraviesan los cultivos b\u00e1sicos como el trigo y el ma\u00edz en la entidad.<\/p>\n<p>Durante su intervenci\u00f3n, el legislador expuso que el campo sonorense, hist\u00f3ricamente productivo y clave para la seguridad alimentaria del pa\u00eds, se encuentra hoy en una situaci\u00f3n cr\u00edtica debido a una combinaci\u00f3n de factores estructurales y coyunturales que han generado p\u00e9rdidas millonarias.<\/p>\n<p>Asimismo, explic\u00f3 que la ausencia de rentabilidad no es exclusiva de este ciclo, sino que obedece a un problema estructural agravado por los altos costos de producci\u00f3n, la ca\u00edda de los precios internacionales del trigo y la falta de pol\u00edticas p\u00fablicas efectivas.<\/p>\n<p>Durante su posicionamiento, mencion\u00f3 que el precio proyectado para el trigo cristalino en el ciclo 2025-2026 rondar\u00e1 los 4 mil 750 pesos por tonelada, mientras que el costo de producci\u00f3n por hect\u00e1rea ya supera los 41 mil pesos. Esto representa una p\u00e9rdida estimada de m\u00e1s de 10 mil 125 pesos por hect\u00e1rea, afectando gravemente a los agricultores que deciden sembrar.<\/p>\n<p>Mend\u00edvil Valenzuela record\u00f3 que la Ley de Desarrollo Rural Sustentable contempla en su Art\u00edculo 133 la posibilidad de otorgar apoyos directos ante contingencias de mercado o desastres naturales, por lo que exhort\u00f3 al Ejecutivo Federal a utilizar esta herramienta legal en favor del campo sonorense.<\/p>\n<p>El legislador hizo un llamado urgente al Gobierno de M\u00e9xico para que actualice y fortalezca los esquemas de apoyo al campo, proponiendo la reactivaci\u00f3n de programas de coberturas agr\u00edcolas subsidiadas que aseguren precios justos, el establecimiento de precios de garant\u00eda reales, que cubran al menos los costos de producci\u00f3n, el acceso a infraestructura y financiamiento asequible para los peque\u00f1os y medianos productores, y la instalaci\u00f3n de mesas de di\u00e1logo permanentes entre productores, autoridades y legisladores para construir soluciones de fondo.<\/p>\n<p>\u201cAcompa\u00f1emos a nuestros productores agr\u00edcolas en busca de soluciones reales y concretas, ya que son el motor principal de la econom\u00eda del sur del estado y de gran parte de la entidad sonorense. Por eso, desde esta trinchera legislativa, reafirmo mi compromiso de seguir trabajando incansablemente por un campo rentable, justo y competitivo. Porque defender la agricultura es defender a Sonora y defender a M\u00e9xico\u201d, puntualiz\u00f3 el legislador morenista.<\/p>\n","protected":false},"excerpt":{"rendered":"<p>Hermosillo, Sonora; 18 de septiembre de 2025.- Desde la m\u00e1xima tribuna del Congreso del Estado, el diputado Jes\u00fas Tadeo Mend\u00edvil Valenzuela alz\u00f3 la voz en nombre de las y los agricultores sonorenses para denunciar la grave crisis de rentabilidad que atraviesan los cultivos b\u00e1sicos como el trigo y el ma\u00edz en la entidad. Durante su [&hellip;]<\/p>\n","protected":false},"author":2,"featured_media":229744,"comment_status":"closed","ping_status":"closed","sticky":false,"template":"","format":"standard","meta":{"footnotes":""},"categories":[12870,12868],"tags":[12865,12879],"class_list":["post-229743","post","type-post","status-publish","format-standard","has-post-thumbnail","hentry","category-destacadas","category-politica","tag-destacadas","tag-politica"],"jetpack_featured_media_url":"https:\/\/rnoticias.com.mx\/Portal\/wp-content\/uploads\/2025\/09\/f8ae7c38-a826-43d7-a50e-d35608225403.jpeg","amp_enabled":true,"_links":{"self":[{"href":"https:\/\/rnoticias.com.mx\/Portal\/wp-json\/wp\/v2\/posts\/229743","targetHints":{"allow":["GET"]}}],"collection":[{"href":"https:\/\/rnoticias.com.mx\/Portal\/wp-json\/wp\/v2\/posts"}],"about":[{"href":"https:\/\/rnoticias.com.mx\/Portal\/wp-json\/wp\/v2\/types\/post"}],"author":[{"embeddable":true,"href":"https:\/\/rnoticias.com.mx\/Portal\/wp-json\/wp\/v2\/users\/2"}],"replies":[{"embeddable":true,"href":"https:\/\/rnoticias.com.mx\/Portal\/wp-json\/wp\/v2\/comments?post=229743"}],"version-history":[{"count":1,"href":"https:\/\/rnoticias.com.mx\/Portal\/wp-json\/wp\/v2\/posts\/229743\/revisions"}],"predecessor-version":[{"id":229745,"href":"https:\/\/rnoticias.com.mx\/Portal\/wp-json\/wp\/v2\/posts\/229743\/revisions\/229745"}],"wp:featuredmedia":[{"embeddable":true,"href":"https:\/\/rnoticias.com.mx\/Portal\/wp-json\/wp\/v2\/media\/229744"}],"wp:attachment":[{"href":"https:\/\/rnoticias.com.mx\/Portal\/wp-json\/wp\/v2\/media?parent=229743"}],"wp:term":[{"taxonomy":"category","embeddable":true,"href":"https:\/\/rnoticias.com.mx\/Portal\/wp-json\/wp\/v2\/categories?post=229743"},{"taxonomy":"post_tag","embeddable":true,"href":"https:\/\/rnoticias.com.mx\/Portal\/wp-json\/wp\/v2\/tags?post=229743"}],"curies":[{"name":"wp","href":"https:\/\/api.w.org\/{rel}","templated":true}]}}