{"id":229725,"date":"2025-09-18T20:35:52","date_gmt":"2025-09-19T03:35:52","guid":{"rendered":"https:\/\/rnoticias.com.mx\/Portal\/?p=229725"},"modified":"2025-09-18T20:35:52","modified_gmt":"2025-09-19T03:35:52","slug":"estudiantes-de-gastronomia-uth-reafirman-su-compromiso-academico","status":"publish","type":"post","link":"https:\/\/rnoticias.com.mx\/Portal\/2025\/09\/18\/estudiantes-de-gastronomia-uth-reafirman-su-compromiso-academico\/","title":{"rendered":"Estudiantes de Gastronom\u00eda UTH reafirman su compromiso acad\u00e9mico"},"content":{"rendered":"<p>Con entusiasmo y sentido de responsabilidad, 168 estudiantes de nuevo ingreso de la carrera de Gastronom\u00eda de la Universidad Tecnol\u00f3gica de Hermosillo (UTH) iniciaron el cuatrimestre septiembre-diciembre 2025.<\/p>\n<p>&nbsp;<\/p>\n<p>En un emotivo acto encabezado por la directora de la carrera, maestra Nubia D\u00edaz P\u00e9rez, los j\u00f3venes plasmaron su firma en una manta, s\u00edmbolo de su compromiso con la dedicaci\u00f3n, el esfuerzo y la pasi\u00f3n que demanda su formaci\u00f3n profesional.<\/p>\n<p>&nbsp;<\/p>\n<p>\u201cLa carrera de Gastronom\u00eda en la UTH, con 18 a\u00f1os de trayectoria, se ha consolidado como un espacio donde la disciplina, la creatividad y la perseverancia son pilares para formar profesionales capaces de destacar en el \u00e1mbito culinario\u201d, se\u00f1al\u00f3 la maestra.<\/p>\n<p>&nbsp;<\/p>\n<p>Precis\u00f3, que el gesto de los estudiantes refleja no solo el inicio de una etapa acad\u00e9mica, sino tambi\u00e9n el deseo de dejar huella con su talento y preparaci\u00f3n, reafirmando que la educaci\u00f3n es el ingrediente esencial para alcanzar sus metas.<\/p>\n<p>&nbsp;<\/p>\n","protected":false},"excerpt":{"rendered":"<p>Con entusiasmo y sentido de responsabilidad, 168 estudiantes de nuevo ingreso de la carrera de Gastronom\u00eda de la Universidad Tecnol\u00f3gica de Hermosillo (UTH) iniciaron el cuatrimestre septiembre-diciembre 2025. &nbsp; En un emotivo acto encabezado por la directora de la carrera, maestra Nubia D\u00edaz P\u00e9rez, los j\u00f3venes plasmaron su firma en una manta, s\u00edmbolo de su [&hellip;]<\/p>\n","protected":false},"author":2,"featured_media":229726,"comment_status":"closed","ping_status":"closed","sticky":false,"template":"","format":"standard","meta":{"footnotes":""},"categories":[12870,178],"tags":[12865,12869],"class_list":["post-229725","post","type-post","status-publish","format-standard","has-post-thumbnail","hentry","category-destacadas","category-local","tag-destacadas","tag-local"],"jetpack_featured_media_url":"https:\/\/rnoticias.com.mx\/Portal\/wp-content\/uploads\/2025\/09\/WhatsApp-Image-2025-09-18-at-8.06.58-PM.jpeg","amp_enabled":true,"_links":{"self":[{"href":"https:\/\/rnoticias.com.mx\/Portal\/wp-json\/wp\/v2\/posts\/229725","targetHints":{"allow":["GET"]}}],"collection":[{"href":"https:\/\/rnoticias.com.mx\/Portal\/wp-json\/wp\/v2\/posts"}],"about":[{"href":"https:\/\/rnoticias.com.mx\/Portal\/wp-json\/wp\/v2\/types\/post"}],"author":[{"embeddable":true,"href":"https:\/\/rnoticias.com.mx\/Portal\/wp-json\/wp\/v2\/users\/2"}],"replies":[{"embeddable":true,"href":"https:\/\/rnoticias.com.mx\/Portal\/wp-json\/wp\/v2\/comments?post=229725"}],"version-history":[{"count":1,"href":"https:\/\/rnoticias.com.mx\/Portal\/wp-json\/wp\/v2\/posts\/229725\/revisions"}],"predecessor-version":[{"id":229727,"href":"https:\/\/rnoticias.com.mx\/Portal\/wp-json\/wp\/v2\/posts\/229725\/revisions\/229727"}],"wp:featuredmedia":[{"embeddable":true,"href":"https:\/\/rnoticias.com.mx\/Portal\/wp-json\/wp\/v2\/media\/229726"}],"wp:attachment":[{"href":"https:\/\/rnoticias.com.mx\/Portal\/wp-json\/wp\/v2\/media?parent=229725"}],"wp:term":[{"taxonomy":"category","embeddable":true,"href":"https:\/\/rnoticias.com.mx\/Portal\/wp-json\/wp\/v2\/categories?post=229725"},{"taxonomy":"post_tag","embeddable":true,"href":"https:\/\/rnoticias.com.mx\/Portal\/wp-json\/wp\/v2\/tags?post=229725"}],"curies":[{"name":"wp","href":"https:\/\/api.w.org\/{rel}","templated":true}]}}