{"id":229716,"date":"2025-09-18T20:11:56","date_gmt":"2025-09-19T03:11:56","guid":{"rendered":"https:\/\/rnoticias.com.mx\/Portal\/?p=229716"},"modified":"2025-09-18T20:11:56","modified_gmt":"2025-09-19T03:11:56","slug":"nueva-carretera-a-kino-potenciara-el-turismo-ocv","status":"publish","type":"post","link":"https:\/\/rnoticias.com.mx\/Portal\/2025\/09\/18\/nueva-carretera-a-kino-potenciara-el-turismo-ocv\/","title":{"rendered":"Nueva carretera a Kino potenciar\u00e1 el turismo: OCV"},"content":{"rendered":"<p>Hermosillo, Sonora. La modernizaci\u00f3n de la carretera que conecta Hermosillo con Miguel Alem\u00e1n, en su tramo a cuatro carriles, representa una oportunidad clave para detonar el crecimiento tur\u00edstico y econ\u00f3mico de Bah\u00eda de Kino, afirm\u00f3 Francisco Garc\u00eda Karam.<\/p>\n<p>&nbsp;<\/p>\n<p>El director de la Oficina de Convenciones y Visitantes (OCV), mencion\u00f3 que el proyecto, que en su primera fase contempla una inversi\u00f3n superior a 500 millones de pesos por parte del Gobierno del Estado, no solo mejorar\u00e1 la movilidad hacia la costa sonorense, sino que generar\u00e1 condiciones de seguridad y confianza tanto para visitantes como para habitantes de la regi\u00f3n.<\/p>\n<p>&nbsp;<\/p>\n<p>\u201cUna v\u00eda moderna y segura incentiva la llegada de nuevas inversiones en infraestructura hotelera, gastron\u00f3mica y de servicios. La conectividad terrestre ser\u00e1 un factor decisivo para que se abran negocios en distintos giros, algunos ligados al turismo y otros a la atenci\u00f3n de la poblaci\u00f3n local\u201d, indic\u00f3.<\/p>\n<p>&nbsp;<\/p>\n<p>Adem\u00e1s, destac\u00f3 que los beneficios alcanzar\u00e1n a sectores como la agricultura y el comercio en Miguel Alem\u00e1n y comunidades cercanas, donde la actividad econ\u00f3mica podr\u00e1 dinamizarse con mejores condiciones de traslado.<\/p>\n<p>&nbsp;<\/p>\n<p>\u201cSin lugar a dudas esa obra era muy esperada desde hace varios a\u00f1os, por eso reconocemos su importancia y todos los beneficios que ello va a acarrearle al punto de Bah\u00eda de Kino\u201d, expuso.<\/p>\n<p>&nbsp;<\/p>\n","protected":false},"excerpt":{"rendered":"<p>Hermosillo, Sonora. La modernizaci\u00f3n de la carretera que conecta Hermosillo con Miguel Alem\u00e1n, en su tramo a cuatro carriles, representa una oportunidad clave para detonar el crecimiento tur\u00edstico y econ\u00f3mico de Bah\u00eda de Kino, afirm\u00f3 Francisco Garc\u00eda Karam. &nbsp; El director de la Oficina de Convenciones y Visitantes (OCV), mencion\u00f3 que el proyecto, que en [&hellip;]<\/p>\n","protected":false},"author":2,"featured_media":229717,"comment_status":"closed","ping_status":"closed","sticky":false,"template":"","format":"standard","meta":{"footnotes":""},"categories":[12870,178],"tags":[12865,12869],"class_list":["post-229716","post","type-post","status-publish","format-standard","has-post-thumbnail","hentry","category-destacadas","category-local","tag-destacadas","tag-local"],"jetpack_featured_media_url":"https:\/\/rnoticias.com.mx\/Portal\/wp-content\/uploads\/2025\/09\/C9ZDPzUUQAANmf4.jpg","amp_enabled":true,"_links":{"self":[{"href":"https:\/\/rnoticias.com.mx\/Portal\/wp-json\/wp\/v2\/posts\/229716","targetHints":{"allow":["GET"]}}],"collection":[{"href":"https:\/\/rnoticias.com.mx\/Portal\/wp-json\/wp\/v2\/posts"}],"about":[{"href":"https:\/\/rnoticias.com.mx\/Portal\/wp-json\/wp\/v2\/types\/post"}],"author":[{"embeddable":true,"href":"https:\/\/rnoticias.com.mx\/Portal\/wp-json\/wp\/v2\/users\/2"}],"replies":[{"embeddable":true,"href":"https:\/\/rnoticias.com.mx\/Portal\/wp-json\/wp\/v2\/comments?post=229716"}],"version-history":[{"count":1,"href":"https:\/\/rnoticias.com.mx\/Portal\/wp-json\/wp\/v2\/posts\/229716\/revisions"}],"predecessor-version":[{"id":229718,"href":"https:\/\/rnoticias.com.mx\/Portal\/wp-json\/wp\/v2\/posts\/229716\/revisions\/229718"}],"wp:featuredmedia":[{"embeddable":true,"href":"https:\/\/rnoticias.com.mx\/Portal\/wp-json\/wp\/v2\/media\/229717"}],"wp:attachment":[{"href":"https:\/\/rnoticias.com.mx\/Portal\/wp-json\/wp\/v2\/media?parent=229716"}],"wp:term":[{"taxonomy":"category","embeddable":true,"href":"https:\/\/rnoticias.com.mx\/Portal\/wp-json\/wp\/v2\/categories?post=229716"},{"taxonomy":"post_tag","embeddable":true,"href":"https:\/\/rnoticias.com.mx\/Portal\/wp-json\/wp\/v2\/tags?post=229716"}],"curies":[{"name":"wp","href":"https:\/\/api.w.org\/{rel}","templated":true}]}}