{"id":229701,"date":"2025-09-18T19:28:43","date_gmt":"2025-09-19T02:28:43","guid":{"rendered":"https:\/\/rnoticias.com.mx\/Portal\/?p=229701"},"modified":"2025-09-18T19:28:43","modified_gmt":"2025-09-19T02:28:43","slug":"reconoce-ugrs-importancia-de-las-lluvias-recientes-para-el-sector-ganadero-en-sonora","status":"publish","type":"post","link":"https:\/\/rnoticias.com.mx\/Portal\/2025\/09\/18\/reconoce-ugrs-importancia-de-las-lluvias-recientes-para-el-sector-ganadero-en-sonora\/","title":{"rendered":"Reconoce UGRS importancia de las lluvias recientes para el sector ganadero en Sonora"},"content":{"rendered":"<p>Destaca la Uni\u00f3n Ganadera Regional de Sonora (UGRS), la relevancia que tuvieron las recientes lluvias registradas en el estado, al considerarlas un alivio para el sector ganadero tras meses de incertidumbre por la sequ\u00eda.<\/p>\n<p>&nbsp;<\/p>\n<p>Juan Ochoa Valenzuela, afirm\u00f3 que estas lluvias fueron de mucho apoyo, porque vinieron a cambiar el panorama en el campo y en especial del gremio ganadero.<\/p>\n<p>&nbsp;<\/p>\n<p>\u201cFue algo que vino a cambiar realmente\u00a0el panorama, no?\u00a0Muchos ganaderos ya est\u00e1bamos totalmente desilusionados\u00a0con el tema de la lluvia y este cicl\u00f3n que es l\u00e1stima que no lleg\u00f3 al 100 por ciento,\u00a0pero nos ayud\u00f3 much\u00edsimo.<\/p>\n<p>Creo que cambi\u00f3 bastante el panorama y esperar\u00edamos\u00a0pues que los pron\u00f3sticos que se tienen para septiembre\u00a0de probablemente m\u00e1s lluvias ojal\u00e1 sean ciertos y ojal\u00e1 esto siga mejorando\u201d, asever\u00f3.<\/p>\n<p>&nbsp;<\/p>\n<p>El dirigente explic\u00f3 que, aunque el cicl\u00f3n Lorena que provoc\u00f3 estas lluvias en d\u00edas pasados en Sonora, no alcanz\u00f3 a impactar al 100 por ciento, s\u00ed dej\u00f3 beneficios significativos para la recuperaci\u00f3n de agostaderos y la disponibilidad de agua.<\/p>\n","protected":false},"excerpt":{"rendered":"<p>Destaca la Uni\u00f3n Ganadera Regional de Sonora (UGRS), la relevancia que tuvieron las recientes lluvias registradas en el estado, al considerarlas un alivio para el sector ganadero tras meses de incertidumbre por la sequ\u00eda. &nbsp; Juan Ochoa Valenzuela, afirm\u00f3 que estas lluvias fueron de mucho apoyo, porque vinieron a cambiar el panorama en el campo [&hellip;]<\/p>\n","protected":false},"author":2,"featured_media":229702,"comment_status":"closed","ping_status":"closed","sticky":false,"template":"","format":"standard","meta":{"footnotes":""},"categories":[12870,178],"tags":[12865,12869],"class_list":["post-229701","post","type-post","status-publish","format-standard","has-post-thumbnail","hentry","category-destacadas","category-local","tag-destacadas","tag-local"],"jetpack_featured_media_url":"https:\/\/rnoticias.com.mx\/Portal\/wp-content\/uploads\/2025\/09\/62e38668c895045b7653457a_Screenshot-2022-07-29-090357.webp","amp_enabled":true,"_links":{"self":[{"href":"https:\/\/rnoticias.com.mx\/Portal\/wp-json\/wp\/v2\/posts\/229701","targetHints":{"allow":["GET"]}}],"collection":[{"href":"https:\/\/rnoticias.com.mx\/Portal\/wp-json\/wp\/v2\/posts"}],"about":[{"href":"https:\/\/rnoticias.com.mx\/Portal\/wp-json\/wp\/v2\/types\/post"}],"author":[{"embeddable":true,"href":"https:\/\/rnoticias.com.mx\/Portal\/wp-json\/wp\/v2\/users\/2"}],"replies":[{"embeddable":true,"href":"https:\/\/rnoticias.com.mx\/Portal\/wp-json\/wp\/v2\/comments?post=229701"}],"version-history":[{"count":1,"href":"https:\/\/rnoticias.com.mx\/Portal\/wp-json\/wp\/v2\/posts\/229701\/revisions"}],"predecessor-version":[{"id":229703,"href":"https:\/\/rnoticias.com.mx\/Portal\/wp-json\/wp\/v2\/posts\/229701\/revisions\/229703"}],"wp:featuredmedia":[{"embeddable":true,"href":"https:\/\/rnoticias.com.mx\/Portal\/wp-json\/wp\/v2\/media\/229702"}],"wp:attachment":[{"href":"https:\/\/rnoticias.com.mx\/Portal\/wp-json\/wp\/v2\/media?parent=229701"}],"wp:term":[{"taxonomy":"category","embeddable":true,"href":"https:\/\/rnoticias.com.mx\/Portal\/wp-json\/wp\/v2\/categories?post=229701"},{"taxonomy":"post_tag","embeddable":true,"href":"https:\/\/rnoticias.com.mx\/Portal\/wp-json\/wp\/v2\/tags?post=229701"}],"curies":[{"name":"wp","href":"https:\/\/api.w.org\/{rel}","templated":true}]}}