{"id":229698,"date":"2025-09-18T19:26:51","date_gmt":"2025-09-19T02:26:51","guid":{"rendered":"https:\/\/rnoticias.com.mx\/Portal\/?p=229698"},"modified":"2025-09-18T19:26:51","modified_gmt":"2025-09-19T02:26:51","slug":"coparmex-pide-transparencia-en-consulta-publica-rumbo-a-revision-del-t-mec","status":"publish","type":"post","link":"https:\/\/rnoticias.com.mx\/Portal\/2025\/09\/18\/coparmex-pide-transparencia-en-consulta-publica-rumbo-a-revision-del-t-mec\/","title":{"rendered":"Coparmex pide transparencia en consulta p\u00fablica rumbo a revisi\u00f3n del T-MEC"},"content":{"rendered":"<p>La Confederaci\u00f3n Patronal de la Rep\u00fablica Mexicana (Coparmex) hizo un llamado a que el proceso de Consulta P\u00fablica previo a la revisi\u00f3n del T-MEC en 2026 se realice con transparencia y participaci\u00f3n activa de los sectores productivos de M\u00e9xico, Estados Unidos y Canad\u00e1.<\/p>\n<p>&nbsp;<\/p>\n<p>El presidente nacional de Coparmex, Juan Jos\u00e9 Sierra \u00c1lvarez, subray\u00f3 que este acuerdo trilateral es clave para respaldar m\u00e1s de 17 millones de empleos, aportar casi un tercio del PIB mundial y cerca de una cuarta parte del comercio global.<\/p>\n<p>&nbsp;<\/p>\n<p>\u201cEl futuro econ\u00f3mico de Norteam\u00e9rica se juega en las consultas del T-MEC que ayer iniciaron en M\u00e9xico. Lo que ah\u00ed se acuerde definir\u00e1 la certeza jur\u00eddica, la atracci\u00f3n de inversiones y la generaci\u00f3n de empleos de calidad para millones de personas en los tres pa\u00edses\u201d, afirm\u00f3.<\/p>\n<p>&nbsp;<\/p>\n<p>Record\u00f3, que el organismo participa directamente en el \u201ccuarto de junto\u201d a trav\u00e9s de expertos en T-MEC y nearshoring, con propuestas para reforzar la integraci\u00f3n econ\u00f3mica.<\/p>\n<p>&nbsp;<\/p>\n<p>Destac\u00f3 que la reciente misi\u00f3n empresarial a Canad\u00e1 confirm\u00f3 el inter\u00e9s de inversionistas en sectores como energ\u00eda, miner\u00eda, infraestructura y agroindustria, mientras que la pr\u00f3xima misi\u00f3n a Estados Unidos buscar\u00e1 fortalecer cadenas de valor y abrir oportunidades para MiPyMEs.<\/p>\n<p>&nbsp;<\/p>\n","protected":false},"excerpt":{"rendered":"<p>La Confederaci\u00f3n Patronal de la Rep\u00fablica Mexicana (Coparmex) hizo un llamado a que el proceso de Consulta P\u00fablica previo a la revisi\u00f3n del T-MEC en 2026 se realice con transparencia y participaci\u00f3n activa de los sectores productivos de M\u00e9xico, Estados Unidos y Canad\u00e1. &nbsp; El presidente nacional de Coparmex, Juan Jos\u00e9 Sierra \u00c1lvarez, subray\u00f3 que [&hellip;]<\/p>\n","protected":false},"author":2,"featured_media":229699,"comment_status":"closed","ping_status":"closed","sticky":false,"template":"","format":"standard","meta":{"footnotes":""},"categories":[12870,172],"tags":[12865,12874],"class_list":["post-229698","post","type-post","status-publish","format-standard","has-post-thumbnail","hentry","category-destacadas","category-nacional","tag-destacadas","tag-nacional"],"jetpack_featured_media_url":"https:\/\/rnoticias.com.mx\/Portal\/wp-content\/uploads\/2025\/09\/t-mec-1024x683-1.jpg","amp_enabled":true,"_links":{"self":[{"href":"https:\/\/rnoticias.com.mx\/Portal\/wp-json\/wp\/v2\/posts\/229698","targetHints":{"allow":["GET"]}}],"collection":[{"href":"https:\/\/rnoticias.com.mx\/Portal\/wp-json\/wp\/v2\/posts"}],"about":[{"href":"https:\/\/rnoticias.com.mx\/Portal\/wp-json\/wp\/v2\/types\/post"}],"author":[{"embeddable":true,"href":"https:\/\/rnoticias.com.mx\/Portal\/wp-json\/wp\/v2\/users\/2"}],"replies":[{"embeddable":true,"href":"https:\/\/rnoticias.com.mx\/Portal\/wp-json\/wp\/v2\/comments?post=229698"}],"version-history":[{"count":1,"href":"https:\/\/rnoticias.com.mx\/Portal\/wp-json\/wp\/v2\/posts\/229698\/revisions"}],"predecessor-version":[{"id":229700,"href":"https:\/\/rnoticias.com.mx\/Portal\/wp-json\/wp\/v2\/posts\/229698\/revisions\/229700"}],"wp:featuredmedia":[{"embeddable":true,"href":"https:\/\/rnoticias.com.mx\/Portal\/wp-json\/wp\/v2\/media\/229699"}],"wp:attachment":[{"href":"https:\/\/rnoticias.com.mx\/Portal\/wp-json\/wp\/v2\/media?parent=229698"}],"wp:term":[{"taxonomy":"category","embeddable":true,"href":"https:\/\/rnoticias.com.mx\/Portal\/wp-json\/wp\/v2\/categories?post=229698"},{"taxonomy":"post_tag","embeddable":true,"href":"https:\/\/rnoticias.com.mx\/Portal\/wp-json\/wp\/v2\/tags?post=229698"}],"curies":[{"name":"wp","href":"https:\/\/api.w.org\/{rel}","templated":true}]}}