{"id":229694,"date":"2025-09-18T10:36:17","date_gmt":"2025-09-18T17:36:17","guid":{"rendered":"https:\/\/rnoticias.com.mx\/Portal\/?p=229694"},"modified":"2025-09-18T10:36:17","modified_gmt":"2025-09-18T17:36:17","slug":"unison-sera-sede-de-congreso-mundial-de-mediacion","status":"publish","type":"post","link":"https:\/\/rnoticias.com.mx\/Portal\/2025\/09\/18\/unison-sera-sede-de-congreso-mundial-de-mediacion\/","title":{"rendered":"Unison ser\u00e1 sede de congreso mundial de mediaci\u00f3n"},"content":{"rendered":"<p>La Universidad de Sonora ser\u00e1 sede del XX Congreso Mundial y XXV Congreso Nacional de Mediaci\u00f3n 2025, que se llevar\u00e1 a cabo del 27 al 31 de octubre. El evento ofrecer\u00e1 talleres, conferencias, foros, presentaci\u00f3n de proyectos y libros, en colaboraci\u00f3n con el Instituto de Mediaci\u00f3n de M\u00e9xico, y contar\u00e1 con la participaci\u00f3n de conferencistas de talla internacional y expertos en mediaci\u00f3n de conflictos.<\/p>\n<p>Jorge Pesqueira Leal, presidente del Instituto de Mediaci\u00f3n de M\u00e9xico, inform\u00f3 que el Teatro Emiliana de Zubeld\u00eda ser\u00e1 el recinto que recibir\u00e1 a los ponentes y asistentes, y que las actividades iniciar\u00e1n con talleres en el precongreso, los d\u00edas 27 y 28 de octubre, para posteriormente dar paso al congreso, del 29 al 31 del mismo mes.<\/p>\n<p>\u201cEstamos hablando de dos tiempos distintos que se han unido a lo largo de estos a\u00f1os y que han convertido a la Universidad de Sonora en la instituci\u00f3n de educaci\u00f3n superior l\u00edder en el desarrollo de los mecanismos alternativos de soluci\u00f3n de controversias, o bien, de justicia autocompositiva\u201d, precis\u00f3 el acad\u00e9mico del Departamento de Derecho.<\/p>\n<p>Pesqueira Leal record\u00f3 que fue en el a\u00f1o 2001 cuando la Universidad de Sonora y el Instituto de Mediaci\u00f3n de M\u00e9xico decidieron hacer sinergia para convocar a congresos nacionales y mundiales de mediaci\u00f3n.<\/p>\n<p>\u201cLa justicia del presente no es la justicia del futuro; la justicia del futuro es la justicia del pueblo, que es precisamente la justicia autocompositiva. Es decir, abrir espacio para que las personas que est\u00e1n atrapadas en un conflicto puedan resolverlo por ellas mismas, con la intervenci\u00f3n de una tercera persona que les facilitar\u00e1 todo lo que requieran para resolver de fondo los conflictos que experimentan\u201d, expres\u00f3.<\/p>\n<p>Destac\u00f3 adem\u00e1s el trabajo de esta casa de estudios con la sociedad al crear Centros de Mediaci\u00f3n, colaboraci\u00f3n que se ha reforzado con la Uni\u00f3n de Usuarios de Hermosillo, la cual tambi\u00e9n participa en esta edici\u00f3n.<\/p>\n<p>\u201cNo olvidar\u00e1n nunca c\u00f3mo esta gran fraternidad de mediadores y mediadoras de nuestro planeta, de nuestro pa\u00eds y de nuestra entidad dar\u00e1 lo mejor de s\u00ed misma para cumplir la parte que le corresponde a nuestra casa de estudios y al Instituto de Mediaci\u00f3n de M\u00e9xico, construyendo as\u00ed el anhelado puente que nos permitir\u00e1 transitar de la cultura de la violencia a la cultura de la paz\u201d, comparti\u00f3 el presidente del comit\u00e9 organizador.<\/p>\n<p>El programa completo y la informaci\u00f3n de registro est\u00e1n disponibles en https:\/\/congresodemediacion.com<\/p>\n","protected":false},"excerpt":{"rendered":"<p>La Universidad de Sonora ser\u00e1 sede del XX Congreso Mundial y XXV Congreso Nacional de Mediaci\u00f3n 2025, que se llevar\u00e1 a cabo del 27 al 31 de octubre. El evento ofrecer\u00e1 talleres, conferencias, foros, presentaci\u00f3n de proyectos y libros, en colaboraci\u00f3n con el Instituto de Mediaci\u00f3n de M\u00e9xico, y contar\u00e1 con la participaci\u00f3n de conferencistas [&hellip;]<\/p>\n","protected":false},"author":2,"featured_media":229695,"comment_status":"closed","ping_status":"closed","sticky":false,"template":"","format":"standard","meta":{"footnotes":""},"categories":[12870,178],"tags":[12865,12869],"class_list":["post-229694","post","type-post","status-publish","format-standard","has-post-thumbnail","hentry","category-destacadas","category-local","tag-destacadas","tag-local"],"jetpack_featured_media_url":"https:\/\/rnoticias.com.mx\/Portal\/wp-content\/uploads\/2025\/09\/2ae0a624-6bea-4cac-98ed-11e99255d121.jpeg","amp_enabled":true,"_links":{"self":[{"href":"https:\/\/rnoticias.com.mx\/Portal\/wp-json\/wp\/v2\/posts\/229694","targetHints":{"allow":["GET"]}}],"collection":[{"href":"https:\/\/rnoticias.com.mx\/Portal\/wp-json\/wp\/v2\/posts"}],"about":[{"href":"https:\/\/rnoticias.com.mx\/Portal\/wp-json\/wp\/v2\/types\/post"}],"author":[{"embeddable":true,"href":"https:\/\/rnoticias.com.mx\/Portal\/wp-json\/wp\/v2\/users\/2"}],"replies":[{"embeddable":true,"href":"https:\/\/rnoticias.com.mx\/Portal\/wp-json\/wp\/v2\/comments?post=229694"}],"version-history":[{"count":1,"href":"https:\/\/rnoticias.com.mx\/Portal\/wp-json\/wp\/v2\/posts\/229694\/revisions"}],"predecessor-version":[{"id":229696,"href":"https:\/\/rnoticias.com.mx\/Portal\/wp-json\/wp\/v2\/posts\/229694\/revisions\/229696"}],"wp:featuredmedia":[{"embeddable":true,"href":"https:\/\/rnoticias.com.mx\/Portal\/wp-json\/wp\/v2\/media\/229695"}],"wp:attachment":[{"href":"https:\/\/rnoticias.com.mx\/Portal\/wp-json\/wp\/v2\/media?parent=229694"}],"wp:term":[{"taxonomy":"category","embeddable":true,"href":"https:\/\/rnoticias.com.mx\/Portal\/wp-json\/wp\/v2\/categories?post=229694"},{"taxonomy":"post_tag","embeddable":true,"href":"https:\/\/rnoticias.com.mx\/Portal\/wp-json\/wp\/v2\/tags?post=229694"}],"curies":[{"name":"wp","href":"https:\/\/api.w.org\/{rel}","templated":true}]}}