{"id":229691,"date":"2025-09-18T10:32:57","date_gmt":"2025-09-18T17:32:57","guid":{"rendered":"https:\/\/rnoticias.com.mx\/Portal\/?p=229691"},"modified":"2025-09-18T10:32:57","modified_gmt":"2025-09-18T17:32:57","slug":"suspenden-clases-presenciales-en-el-cetis-78-de-altamira-tras-agresion-a-director","status":"publish","type":"post","link":"https:\/\/rnoticias.com.mx\/Portal\/2025\/09\/18\/suspenden-clases-presenciales-en-el-cetis-78-de-altamira-tras-agresion-a-director\/","title":{"rendered":"Suspenden clases presenciales en el CETis 78 de Altamira tras agresi\u00f3n a director"},"content":{"rendered":"<p class=\"nota-justify\"><i>Ciudad Victoria, Tamps.<\/i>\u00a0La Direcci\u00f3n General de Educaci\u00f3n Tecnol\u00f3gica Industrial (DGETI) en Tamaulipas, suspendi\u00f3 las clases presenciales en el CETis 78 de Altamira, donde ayer mi\u00e9rcoles hubo una protesta de estudiantes en la que agredieron al director del plantel a quien se\u00f1alaron de acoso, adem\u00e1s de da\u00f1os a las instalaciones.<\/p>\n<p class=\"nota-justify\">En un comunicado, la dependencia inform\u00f3 que para salvaguardar la seguridad de los alumnos, maestros y personal administrativo se decidi\u00f3 que la jornada lectiva se realice a distancia, como medida preventiva.<\/p>\n<p>Al respecto, la Secretar\u00eda de Educaci\u00f3n P\u00fablica confirm\u00f3 que las clases de hoy en este plantel ser\u00e1n de forma remota y habr\u00e1 reuniones de trabajo con personal docente, administrativo y padres de familia.<\/p>\n<p>La dependencia federal inform\u00f3 que establecieron una ruta de atenci\u00f3n inmediata para garantizar la continuidad de los procesos educativos y promoci\u00f3n de ambientes escolares adecuados.<\/p>\n<p>Indic\u00f3 que se dar\u00e1 seguimiento al caso conforme a los protocolos institucionales y se realizar\u00e1 una investigaci\u00f3n sobre la actuaci\u00f3n del personal directivo del plantel. Brindar\u00e1 acompa\u00f1amiento a las denuncias de la comunidad escolar, particularmente las relacionadas con violencia hacia estudiantes.<\/p>\n<p>La Secretar\u00eda reiter\u00f3 el compromiso institucional y su apego al respeto, igualdad y construcci\u00f3n de escuelas libres de violencia y garantizar el bienestar integral de la comunidad escolar.<\/p>\n<p>El d\u00eda de ma\u00f1ana las clases se reanudar\u00e1n de forma presencial, en donde se realizar\u00e1n acciones de reflexi\u00f3n y una jornada de la paz para fortalecer la convivencia arm\u00f3nica.<\/p>\n<p class=\"nota-justify\">Asimismo, ambas instancias educativas pidieron no generar rumores ni difundir versiones no confirmadas ni hacer atribuciones, sino esperar que las autoridades competentes concluyan las investigaciones.<\/p>\n<p class=\"nota-justify\">Las medidas aplicadas se establecen por la inconformidad de un grupo de estudiantes que ayer mi\u00e9rcoles acusaron al director del plantel, Julio C\u00e9sar Barr\u00f3n Morales, de presuntos actos de acoso sexual contra dos alumnas, manifestaci\u00f3n que se sali\u00f3 de control dejando vidrios rotos y una golpiza al directivo.<\/p>\n<p>&nbsp;<\/p>\n<p>La Jornada<\/p>\n","protected":false},"excerpt":{"rendered":"<p>Ciudad Victoria, Tamps.\u00a0La Direcci\u00f3n General de Educaci\u00f3n Tecnol\u00f3gica Industrial (DGETI) en Tamaulipas, suspendi\u00f3 las clases presenciales en el CETis 78 de Altamira, donde ayer mi\u00e9rcoles hubo una protesta de estudiantes en la que agredieron al director del plantel a quien se\u00f1alaron de acoso, adem\u00e1s de da\u00f1os a las instalaciones. En un comunicado, la dependencia inform\u00f3 [&hellip;]<\/p>\n","protected":false},"author":2,"featured_media":229692,"comment_status":"closed","ping_status":"closed","sticky":false,"template":"","format":"standard","meta":{"footnotes":""},"categories":[12870,172],"tags":[12865,12874],"class_list":["post-229691","post","type-post","status-publish","format-standard","has-post-thumbnail","hentry","category-destacadas","category-nacional","tag-destacadas","tag-nacional"],"jetpack_featured_media_url":"https:\/\/rnoticias.com.mx\/Portal\/wp-content\/uploads\/2025\/09\/Alumnos-Cetis-78-Protestan-Agreden-Director-Altamira-Tamaulipas.jpg","amp_enabled":true,"_links":{"self":[{"href":"https:\/\/rnoticias.com.mx\/Portal\/wp-json\/wp\/v2\/posts\/229691","targetHints":{"allow":["GET"]}}],"collection":[{"href":"https:\/\/rnoticias.com.mx\/Portal\/wp-json\/wp\/v2\/posts"}],"about":[{"href":"https:\/\/rnoticias.com.mx\/Portal\/wp-json\/wp\/v2\/types\/post"}],"author":[{"embeddable":true,"href":"https:\/\/rnoticias.com.mx\/Portal\/wp-json\/wp\/v2\/users\/2"}],"replies":[{"embeddable":true,"href":"https:\/\/rnoticias.com.mx\/Portal\/wp-json\/wp\/v2\/comments?post=229691"}],"version-history":[{"count":1,"href":"https:\/\/rnoticias.com.mx\/Portal\/wp-json\/wp\/v2\/posts\/229691\/revisions"}],"predecessor-version":[{"id":229693,"href":"https:\/\/rnoticias.com.mx\/Portal\/wp-json\/wp\/v2\/posts\/229691\/revisions\/229693"}],"wp:featuredmedia":[{"embeddable":true,"href":"https:\/\/rnoticias.com.mx\/Portal\/wp-json\/wp\/v2\/media\/229692"}],"wp:attachment":[{"href":"https:\/\/rnoticias.com.mx\/Portal\/wp-json\/wp\/v2\/media?parent=229691"}],"wp:term":[{"taxonomy":"category","embeddable":true,"href":"https:\/\/rnoticias.com.mx\/Portal\/wp-json\/wp\/v2\/categories?post=229691"},{"taxonomy":"post_tag","embeddable":true,"href":"https:\/\/rnoticias.com.mx\/Portal\/wp-json\/wp\/v2\/tags?post=229691"}],"curies":[{"name":"wp","href":"https:\/\/api.w.org\/{rel}","templated":true}]}}