{"id":229685,"date":"2025-09-18T10:28:27","date_gmt":"2025-09-18T17:28:27","guid":{"rendered":"https:\/\/rnoticias.com.mx\/Portal\/?p=229685"},"modified":"2025-09-18T10:28:27","modified_gmt":"2025-09-18T17:28:27","slug":"andy-lopez-beltran-rechaza-estar-amparado","status":"publish","type":"post","link":"https:\/\/rnoticias.com.mx\/Portal\/2025\/09\/18\/andy-lopez-beltran-rechaza-estar-amparado\/","title":{"rendered":"\u201cAndy\u201d L\u00f3pez Beltr\u00e1n rechaza estar amparado"},"content":{"rendered":"<p>Andr\u00e9s Manuel L\u00f3pez\u00a0Beltr\u00e1n, secretario de Organizaci\u00f3n de Morena, rechaz\u00f3 que \u00e9l y su hermano Gonzalo hayan tramitado alg\u00fan amparo para evitar una detenci\u00f3n en su contra.<\/p>\n<p>\u201cNo conocemos a los tramitantes de dicho amparo y sospechamos que dicha acci\u00f3n est\u00e1 motivada y fomentada por nuestros adversarios para vincularnos a un tema y actores con los cuales no tenemos ninguna relaci\u00f3n. Se trata, una vez m\u00e1s, de un montaje\u201d, sostuvo en un comunicado.<\/p>\n<p><strong>El hijo del ex presidente Andr\u00e9s Manuel L\u00f3pez Obrador se\u00f1al\u00f3 que renuncian a dicho tr\u00e1mite y solicitan al \u00e1rea correspondiente del Poder Judicial que investigue sobre el caso<\/strong>, ya que se hizo en varios juzgados y se trata de una \u201coperaci\u00f3n malintencionada planeada y orquestada desde varios frentes\u201d.<\/p>\n<p>Acus\u00f3 que se trata de una campa\u00f1a de desprestigio que est\u00e1 tratando de relacionarlo a \u00e9l y su familia con una pr\u00e1ctica delictiva que, adem\u00e1s, est\u00e1n a favor de desmantelar.<\/p>\n<p>\u201cApoyamos, como siempre, las decisiones tomadas por nuestra Presidenta Claudia Sheinbaum Pardo y reiteramos nuestro apoyo a las acciones tomadas para solucionar este problema de seguridad en el pa\u00eds\u201d, afirm\u00f3.<\/p>\n<p><strong>Asegur\u00f3 que desde muy j\u00f3venes aprendieron a lidiar con este tipo de ataques, y que son recordatorio de seguir llevando su vida rectamente.<\/strong><\/p>\n<p>&nbsp;<\/p>\n<p>El Universal<\/p>\n","protected":false},"excerpt":{"rendered":"<p>Andr\u00e9s Manuel L\u00f3pez\u00a0Beltr\u00e1n, secretario de Organizaci\u00f3n de Morena, rechaz\u00f3 que \u00e9l y su hermano Gonzalo hayan tramitado alg\u00fan amparo para evitar una detenci\u00f3n en su contra. \u201cNo conocemos a los tramitantes de dicho amparo y sospechamos que dicha acci\u00f3n est\u00e1 motivada y fomentada por nuestros adversarios para vincularnos a un tema y actores con los [&hellip;]<\/p>\n","protected":false},"author":2,"featured_media":229686,"comment_status":"closed","ping_status":"closed","sticky":false,"template":"","format":"standard","meta":{"footnotes":""},"categories":[12870,12868],"tags":[12865,12879],"class_list":["post-229685","post","type-post","status-publish","format-standard","has-post-thumbnail","hentry","category-destacadas","category-politica","tag-destacadas","tag-politica"],"jetpack_featured_media_url":"https:\/\/rnoticias.com.mx\/Portal\/wp-content\/uploads\/2025\/09\/andy-lopez-beltran-181603.jpg","amp_enabled":true,"_links":{"self":[{"href":"https:\/\/rnoticias.com.mx\/Portal\/wp-json\/wp\/v2\/posts\/229685","targetHints":{"allow":["GET"]}}],"collection":[{"href":"https:\/\/rnoticias.com.mx\/Portal\/wp-json\/wp\/v2\/posts"}],"about":[{"href":"https:\/\/rnoticias.com.mx\/Portal\/wp-json\/wp\/v2\/types\/post"}],"author":[{"embeddable":true,"href":"https:\/\/rnoticias.com.mx\/Portal\/wp-json\/wp\/v2\/users\/2"}],"replies":[{"embeddable":true,"href":"https:\/\/rnoticias.com.mx\/Portal\/wp-json\/wp\/v2\/comments?post=229685"}],"version-history":[{"count":1,"href":"https:\/\/rnoticias.com.mx\/Portal\/wp-json\/wp\/v2\/posts\/229685\/revisions"}],"predecessor-version":[{"id":229687,"href":"https:\/\/rnoticias.com.mx\/Portal\/wp-json\/wp\/v2\/posts\/229685\/revisions\/229687"}],"wp:featuredmedia":[{"embeddable":true,"href":"https:\/\/rnoticias.com.mx\/Portal\/wp-json\/wp\/v2\/media\/229686"}],"wp:attachment":[{"href":"https:\/\/rnoticias.com.mx\/Portal\/wp-json\/wp\/v2\/media?parent=229685"}],"wp:term":[{"taxonomy":"category","embeddable":true,"href":"https:\/\/rnoticias.com.mx\/Portal\/wp-json\/wp\/v2\/categories?post=229685"},{"taxonomy":"post_tag","embeddable":true,"href":"https:\/\/rnoticias.com.mx\/Portal\/wp-json\/wp\/v2\/tags?post=229685"}],"curies":[{"name":"wp","href":"https:\/\/api.w.org\/{rel}","templated":true}]}}