{"id":229682,"date":"2025-09-18T10:26:34","date_gmt":"2025-09-18T17:26:34","guid":{"rendered":"https:\/\/rnoticias.com.mx\/Portal\/?p=229682"},"modified":"2025-09-18T10:26:34","modified_gmt":"2025-09-18T17:26:34","slug":"terence-crawford-no-le-garantiza-la-revancha-al-canelo-alvarez","status":"publish","type":"post","link":"https:\/\/rnoticias.com.mx\/Portal\/2025\/09\/18\/terence-crawford-no-le-garantiza-la-revancha-al-canelo-alvarez\/","title":{"rendered":"Terence Crawford no le garantiza la revancha al Canelo \u00c1lvarez"},"content":{"rendered":"<p><strong>Despu\u00e9s de que el boxeador estadounidense Terence Crawford le arrebatara el t\u00edtulo de campe\u00f3n indiscutido del peso supermediano a Sa\u00fal &#8220;Canelo&#8221; \u00c1lvarez, se ha despertado el inter\u00e9s en el p\u00fablico por saber si habr\u00e1 revancha entre ambos p\u00fagiles<\/strong>. Crawford fue el primero en posicionarse ante esta posibilidad.<\/p>\n<p>Tras su actuaci\u00f3n el pasado 13 de septiembre de 2025 en el Allegiant Stadium en Las Vegas, se dio a conocer que el tapat\u00edo descendi\u00f3 dos posiciones en el ranking libra por libra de\u00a0<i>The Ring<\/i>.\u00a0<strong>Actualmente, se encuentra en el d\u00e9cimo lugar.<\/strong><\/p>\n<p>&nbsp;<\/p>\n<ul>\n<li><mark><strong>Terence Crawford (EU)<\/strong><\/mark><\/li>\n<li>Oleksandr Usyk (Ucrania)<\/li>\n<li>Naoya Inoue (Jap\u00f3n)<\/li>\n<li><mark>Dmitry Bivol (Rusia)<\/mark><\/li>\n<li>Artur Beterbiev (Rusia)<\/li>\n<li>Jesse Rodr\u00edguez (EU)<\/li>\n<li>Junto Nakatani (Jap\u00f3n)<\/li>\n<li>Shakur Stevenson (EU)<\/li>\n<li><mark>David Benavidez (EU)<\/mark><\/li>\n<li><mark><strong>Sa\u00fal \u2018Canelo\u2019 \u00c1lvarez (M\u00e9xico)<\/strong><\/mark><\/li>\n<\/ul>\n<p>Con esta derrota,\u00a0<strong>Canelo perdi\u00f3 cuatro cinturones que lo acreditaban como el campe\u00f3n del peso supermediano y sum\u00f3 la tercera derrota de su carrera, mientras que Bud Crawford se mantuvo invicto y escribi\u00f3 un cap\u00edtulo hist\u00f3rico para su carrera profesional y en el mundo del boxeo<\/strong>.<\/p>\n<h3>Crawford habla sobre la posible revancha para Canelo \u00c1lvarez<\/h3>\n<p>Despu\u00e9s del \u00e9xito alcanzado en su carrera profesional como boxeador,\u00a0<strong>Terence Crawford ha sido recientemente cuestionado sobre si le conceder\u00eda una revancha a Canelo<\/strong>.<\/p>\n<p>En una entrevista transmitida por ESPN, el estadounidense destac\u00f3 es que hasta el momento no ha tenido el tiempo de platicarlo con su equipo.<\/p>\n<p>&#8220;<mark>No lo s\u00e9 [&#8230;] tengo que hablar con mi equipo; gan\u00e9 hace 2 d\u00edas, est\u00e1 fresca la pelea. Quiero ir a casa, relajarme; mi cumplea\u00f1os es en 2 semanas. Quiero disfrutar mi victoria por ahora<\/mark>\u201d, comparti\u00f3.<\/p>\n<p>Canelo \u00c1lvarez est\u00e1 viviendo la \u00faltima etapa de su carrera en el boxeo, por lo que una revancha podr\u00eda ser uno de los escenarios propicios para cerrar de la mejor manera su trayectoria profesional.<\/p>\n","protected":false},"excerpt":{"rendered":"<p>Despu\u00e9s de que el boxeador estadounidense Terence Crawford le arrebatara el t\u00edtulo de campe\u00f3n indiscutido del peso supermediano a Sa\u00fal &#8220;Canelo&#8221; \u00c1lvarez, se ha despertado el inter\u00e9s en el p\u00fablico por saber si habr\u00e1 revancha entre ambos p\u00fagiles. Crawford fue el primero en posicionarse ante esta posibilidad. Tras su actuaci\u00f3n el pasado 13 de septiembre [&hellip;]<\/p>\n","protected":false},"author":2,"featured_media":229683,"comment_status":"closed","ping_status":"closed","sticky":false,"template":"","format":"standard","meta":{"footnotes":""},"categories":[188,12870],"tags":[5231,12865],"class_list":["post-229682","post","type-post","status-publish","format-standard","has-post-thumbnail","hentry","category-deportes","category-destacadas","tag-deportes","tag-destacadas"],"jetpack_featured_media_url":"https:\/\/rnoticias.com.mx\/Portal\/wp-content\/uploads\/2025\/09\/Canelo_Alvarez_Terence_Crawford_jpg_f4c1d083e4.webp","amp_enabled":true,"_links":{"self":[{"href":"https:\/\/rnoticias.com.mx\/Portal\/wp-json\/wp\/v2\/posts\/229682","targetHints":{"allow":["GET"]}}],"collection":[{"href":"https:\/\/rnoticias.com.mx\/Portal\/wp-json\/wp\/v2\/posts"}],"about":[{"href":"https:\/\/rnoticias.com.mx\/Portal\/wp-json\/wp\/v2\/types\/post"}],"author":[{"embeddable":true,"href":"https:\/\/rnoticias.com.mx\/Portal\/wp-json\/wp\/v2\/users\/2"}],"replies":[{"embeddable":true,"href":"https:\/\/rnoticias.com.mx\/Portal\/wp-json\/wp\/v2\/comments?post=229682"}],"version-history":[{"count":1,"href":"https:\/\/rnoticias.com.mx\/Portal\/wp-json\/wp\/v2\/posts\/229682\/revisions"}],"predecessor-version":[{"id":229684,"href":"https:\/\/rnoticias.com.mx\/Portal\/wp-json\/wp\/v2\/posts\/229682\/revisions\/229684"}],"wp:featuredmedia":[{"embeddable":true,"href":"https:\/\/rnoticias.com.mx\/Portal\/wp-json\/wp\/v2\/media\/229683"}],"wp:attachment":[{"href":"https:\/\/rnoticias.com.mx\/Portal\/wp-json\/wp\/v2\/media?parent=229682"}],"wp:term":[{"taxonomy":"category","embeddable":true,"href":"https:\/\/rnoticias.com.mx\/Portal\/wp-json\/wp\/v2\/categories?post=229682"},{"taxonomy":"post_tag","embeddable":true,"href":"https:\/\/rnoticias.com.mx\/Portal\/wp-json\/wp\/v2\/tags?post=229682"}],"curies":[{"name":"wp","href":"https:\/\/api.w.org\/{rel}","templated":true}]}}