{"id":229673,"date":"2025-09-18T09:05:10","date_gmt":"2025-09-18T16:05:10","guid":{"rendered":"https:\/\/rnoticias.com.mx\/Portal\/?p=229673"},"modified":"2025-09-18T09:05:10","modified_gmt":"2025-09-18T16:05:10","slug":"sader-en-sonora-lanza-registro-para-la-adquisicion-de-mil-sementales-apoyo-disponible-para-productores-de-todo-el-estado","status":"publish","type":"post","link":"https:\/\/rnoticias.com.mx\/Portal\/2025\/09\/18\/sader-en-sonora-lanza-registro-para-la-adquisicion-de-mil-sementales-apoyo-disponible-para-productores-de-todo-el-estado\/","title":{"rendered":"SADER en Sonora lanza registro para la adquisici\u00f3n de mil sementales; apoyo disponible para productores de todo el estado"},"content":{"rendered":"<p>La Secretar\u00eda de Agricultura y Desarrollo Rural (SADER) en Sonora, informa que ya est\u00e1 abierta la convocatoria para que peque\u00f1os y medianos productores en el estado puedan acceder al apoyo para la adquisici\u00f3n de sementales bovinos con registro geneal\u00f3gico y evaluaciones gen\u00e9ticas, como parte del subcomponente de Fortalecimiento a los Programas Pecuarios de las Entidades Federativas.<\/p>\n<p>El programa tiene como objetivo contribuir a la productividad de las Unidades Econ\u00f3micas Pecuarias de manera sostenible y sustentable, fortaleciendo el crecimiento del sector y abonando a la soberan\u00eda alimentaria a trav\u00e9s del trabajo conjunto entre el Gobierno de M\u00e9xico y los gobiernos estatales.<\/p>\n<p>El apoyo, anunciado por la presidenta de M\u00e9xico, Claudia Sheinbaum, considera un valor de referencia de hasta 70 mil pesos por semental, de los cuales la aportaci\u00f3n federal cubrir\u00e1 hasta el 25% por bovino. La aportaci\u00f3n estatal contempla el 25% adicional, y el 50% restante corresponder\u00e1 al productor beneficiado.<\/p>\n<p>La convocatoria est\u00e1 dirigida a productores pecuarios que cuenten con entre 5 y 50 vientres bovinos dentro del Sistema Nacional de Identificaci\u00f3n Individual de Ganado (SINIIGA), y que tengan su Unidad de Producci\u00f3n Pecuaria (UPP) ubicada en alguno de los estados participantes en el programa (Sonora, Coahuila y Durango).<\/p>\n<p>La cobertura del programa es para los ganaderos de los 72 municipios de Sonora, por lo que todos los productores interesados podr\u00e1n participar sin importar la regi\u00f3n en la que se encuentren. El periodo de registro estar\u00e1 disponible del 15 de septiembre al 17 de octubre, brindando un amplio margen de tiempo para que los productores realicen su tr\u00e1mite con oportunidad.<\/p>\n<p>Como parte de la estrategia de impulso al sector, la convocatoria se enmarca en el Programa para la Industrializaci\u00f3n de la Carne en estados del Norte, que incluye a Coahuila, Durango y Sonora. Para la entidad sonorense se contempla un monto total de 869 millones de pesos, a trav\u00e9s de la Representaci\u00f3n en las Entidades Federativas (OREF), lo que permitir\u00e1 ampliar los beneficios y garantizar un mayor impacto en el desarrollo pecuario.<\/p>\n<p>Con esta acci\u00f3n, la SADER reafirma su compromiso con los ganaderos de la regi\u00f3n, brindando herramientas que permiten mejorar la gen\u00e9tica del hato, incrementar la productividad y asegurar un desarrollo pecuario competitivo y sustentable.<\/p>\n<p>Los ganaderos pueden acudir a las ventanillas de los DDR y CADERS m\u00e1s cercano, tanto para inscripci\u00f3n como para mayor informaci\u00f3n, asimismo los interesados pueden consultar la convocatoria oficial en el portal (Convocatoria para productores de sementales bovinos con registro geneal\u00f3gico y evaluaciones gen\u00e9ticas en Sonora, Durango y Coahuila | Secretar\u00eda de Agricultura y Desarrollo Rural | Gobierno | gob.mx)<\/p>\n<p>Documentaci\u00f3n requerida<br \/>\n&#x1f4c4; Formato de inscripci\u00f3n o constancia de actualizaci\u00f3n de la UPP en el Padr\u00f3n Ganadero Nacional (PGN), con fecha posterior al 1 de enero de 2024, indicando inventario ganadero.<br \/>\n&#x1f4c4; Constancia de registro en el Padr\u00f3n de Productores de la SADER (actualizaci\u00f3n posterior al 1 de enero de 2024).<br \/>\n&#x1f4c4; Identificaci\u00f3n oficial vigente (credencial para votar, pasaporte o c\u00e9dula profesional).<br \/>\n&#x1f4c4; CURP actualizada, validada por el Registro Civil.<br \/>\n&#x1f4c4; RFC vigente, con constancia de situaci\u00f3n fiscal.<br \/>\n&#x1f4c4; Comprobante de domicilio con vigencia no mayor a tres meses (recibo de luz, tel\u00e9fono, predial, agua o constancia de residencia expedida por el Ayuntamiento).<\/p>\n","protected":false},"excerpt":{"rendered":"<p>La Secretar\u00eda de Agricultura y Desarrollo Rural (SADER) en Sonora, informa que ya est\u00e1 abierta la convocatoria para que peque\u00f1os y medianos productores en el estado puedan acceder al apoyo para la adquisici\u00f3n de sementales bovinos con registro geneal\u00f3gico y evaluaciones gen\u00e9ticas, como parte del subcomponente de Fortalecimiento a los Programas Pecuarios de las Entidades [&hellip;]<\/p>\n","protected":false},"author":2,"featured_media":229674,"comment_status":"closed","ping_status":"closed","sticky":false,"template":"","format":"standard","meta":{"footnotes":""},"categories":[12870,178],"tags":[12865,12869],"class_list":["post-229673","post","type-post","status-publish","format-standard","has-post-thumbnail","hentry","category-destacadas","category-local","tag-destacadas","tag-local"],"jetpack_featured_media_url":"https:\/\/rnoticias.com.mx\/Portal\/wp-content\/uploads\/2025\/09\/dd7c3955-c794-4d1e-b8bb-e2b53ccf3bf4.jpeg","amp_enabled":true,"_links":{"self":[{"href":"https:\/\/rnoticias.com.mx\/Portal\/wp-json\/wp\/v2\/posts\/229673","targetHints":{"allow":["GET"]}}],"collection":[{"href":"https:\/\/rnoticias.com.mx\/Portal\/wp-json\/wp\/v2\/posts"}],"about":[{"href":"https:\/\/rnoticias.com.mx\/Portal\/wp-json\/wp\/v2\/types\/post"}],"author":[{"embeddable":true,"href":"https:\/\/rnoticias.com.mx\/Portal\/wp-json\/wp\/v2\/users\/2"}],"replies":[{"embeddable":true,"href":"https:\/\/rnoticias.com.mx\/Portal\/wp-json\/wp\/v2\/comments?post=229673"}],"version-history":[{"count":1,"href":"https:\/\/rnoticias.com.mx\/Portal\/wp-json\/wp\/v2\/posts\/229673\/revisions"}],"predecessor-version":[{"id":229675,"href":"https:\/\/rnoticias.com.mx\/Portal\/wp-json\/wp\/v2\/posts\/229673\/revisions\/229675"}],"wp:featuredmedia":[{"embeddable":true,"href":"https:\/\/rnoticias.com.mx\/Portal\/wp-json\/wp\/v2\/media\/229674"}],"wp:attachment":[{"href":"https:\/\/rnoticias.com.mx\/Portal\/wp-json\/wp\/v2\/media?parent=229673"}],"wp:term":[{"taxonomy":"category","embeddable":true,"href":"https:\/\/rnoticias.com.mx\/Portal\/wp-json\/wp\/v2\/categories?post=229673"},{"taxonomy":"post_tag","embeddable":true,"href":"https:\/\/rnoticias.com.mx\/Portal\/wp-json\/wp\/v2\/tags?post=229673"}],"curies":[{"name":"wp","href":"https:\/\/api.w.org\/{rel}","templated":true}]}}