{"id":229662,"date":"2025-09-18T08:53:37","date_gmt":"2025-09-18T15:53:37","guid":{"rendered":"https:\/\/rnoticias.com.mx\/Portal\/?p=229662"},"modified":"2025-09-18T08:53:37","modified_gmt":"2025-09-18T15:53:37","slug":"jimmy-kimmel-es-suspendido-de-abc-tras-declaraciones-sobre-la-muerte-de-charlie-kirk","status":"publish","type":"post","link":"https:\/\/rnoticias.com.mx\/Portal\/2025\/09\/18\/jimmy-kimmel-es-suspendido-de-abc-tras-declaraciones-sobre-la-muerte-de-charlie-kirk\/","title":{"rendered":"Jimmy Kimmel es suspendido de ABC tras declaraciones sobre la muerte de Charlie Kirk"},"content":{"rendered":"<p><strong>ABC inform\u00f3 este mi\u00e9rcoles que suspender\u00e1 de manera \u201cindefinida\u201d la transmisi\u00f3n del popular programa nocturno de Jimmy Kimmel<\/strong>, luego de los comentarios realizados por el conductor sobre Charlie Kirk, el activista conservador asesinado el pasado 10 de septiembre.<\/p>\n<p>La decisi\u00f3n se produce tras el anuncio de Nexstar Media, compa\u00f1\u00eda que opera una extensa red de canales asociados a grandes cadenas en Estados Unidos, de que no emitir\u00eda el programa debido a los comentarios de Kimmel.<\/p>\n<p><strong>El presentador expres\u00f3<\/strong>\u00a0el lunes por la noche:\u00a0\u201cLa pandilla MAGA trat\u00f3 desesperadamente de tildar a este joven (Tyler\u00a0Robinson), responsable del asesinato de\u00a0Charlie\u00a0Kirk, de cualquier cosa menos de ser uno de ellos y busc\u00f3 sacar r\u00e9dito pol\u00edtico\u201d.<\/p>\n<p>Por su parte, Nexstar declar\u00f3: \u201cNos oponemos firmemente a los recientes comentarios del Sr. Kimmel sobre el asesinato de Charlie Kirk y reemplazaremos el programa con otra programaci\u00f3n en nuestros mercados afiliados a ABC\u201d.<\/p>\n<p><strong>El comediante se burl\u00f3 del impacto que la muerte de Kirk tuvo en el presidente de Estados Unidos, Donald Trump,<\/strong>\u00a0y emiti\u00f3 un clip grabado la semana pasada donde un periodista pregunta al mandatario c\u00f3mo estaba afrontando el asesinato y \u00e9l responde &#8220;creo que muy bien&#8221; y pasa directamente a hacer comentarios sobre la construcci\u00f3n de la nueva sala de baile de la Casa Blanca.<\/p>\n<p>Kimmel, nacido el 13 de noviembre de 1967 en Nueva York, conduce\u00a0<strong>Jimmy Kimmel Live!\u00a0<\/strong>en ABC desde 2003, un\u00a0<strong>programa nocturno que regularmente lidera en audiencia entre los shows de entretenimiento y se ha vuelto viral por sus entrevistas y sketches.<\/strong><\/p>\n<p>Antes trabaj\u00f3 en radio y televisi\u00f3n local, donde desarroll\u00f3 su estilo sat\u00edrico. Ha participado como actor y productor, y ha recibido premios Emmy por su labor en la comedia televisiva.<\/p>\n","protected":false},"excerpt":{"rendered":"<p>ABC inform\u00f3 este mi\u00e9rcoles que suspender\u00e1 de manera \u201cindefinida\u201d la transmisi\u00f3n del popular programa nocturno de Jimmy Kimmel, luego de los comentarios realizados por el conductor sobre Charlie Kirk, el activista conservador asesinado el pasado 10 de septiembre. La decisi\u00f3n se produce tras el anuncio de Nexstar Media, compa\u00f1\u00eda que opera una extensa red de [&hellip;]<\/p>\n","protected":false},"author":2,"featured_media":229663,"comment_status":"closed","ping_status":"closed","sticky":false,"template":"","format":"standard","meta":{"footnotes":""},"categories":[12870,219],"tags":[12865,12875],"class_list":["post-229662","post","type-post","status-publish","format-standard","has-post-thumbnail","hentry","category-destacadas","category-espectaculos","tag-destacadas","tag-espectaculos"],"jetpack_featured_media_url":"https:\/\/rnoticias.com.mx\/Portal\/wp-content\/uploads\/2025\/09\/kirk-prese-e1758158068473.webp","amp_enabled":true,"_links":{"self":[{"href":"https:\/\/rnoticias.com.mx\/Portal\/wp-json\/wp\/v2\/posts\/229662","targetHints":{"allow":["GET"]}}],"collection":[{"href":"https:\/\/rnoticias.com.mx\/Portal\/wp-json\/wp\/v2\/posts"}],"about":[{"href":"https:\/\/rnoticias.com.mx\/Portal\/wp-json\/wp\/v2\/types\/post"}],"author":[{"embeddable":true,"href":"https:\/\/rnoticias.com.mx\/Portal\/wp-json\/wp\/v2\/users\/2"}],"replies":[{"embeddable":true,"href":"https:\/\/rnoticias.com.mx\/Portal\/wp-json\/wp\/v2\/comments?post=229662"}],"version-history":[{"count":1,"href":"https:\/\/rnoticias.com.mx\/Portal\/wp-json\/wp\/v2\/posts\/229662\/revisions"}],"predecessor-version":[{"id":229664,"href":"https:\/\/rnoticias.com.mx\/Portal\/wp-json\/wp\/v2\/posts\/229662\/revisions\/229664"}],"wp:featuredmedia":[{"embeddable":true,"href":"https:\/\/rnoticias.com.mx\/Portal\/wp-json\/wp\/v2\/media\/229663"}],"wp:attachment":[{"href":"https:\/\/rnoticias.com.mx\/Portal\/wp-json\/wp\/v2\/media?parent=229662"}],"wp:term":[{"taxonomy":"category","embeddable":true,"href":"https:\/\/rnoticias.com.mx\/Portal\/wp-json\/wp\/v2\/categories?post=229662"},{"taxonomy":"post_tag","embeddable":true,"href":"https:\/\/rnoticias.com.mx\/Portal\/wp-json\/wp\/v2\/tags?post=229662"}],"curies":[{"name":"wp","href":"https:\/\/api.w.org\/{rel}","templated":true}]}}