{"id":229656,"date":"2025-09-18T08:50:46","date_gmt":"2025-09-18T15:50:46","guid":{"rendered":"https:\/\/rnoticias.com.mx\/Portal\/?p=229656"},"modified":"2025-09-18T08:50:46","modified_gmt":"2025-09-18T15:50:46","slug":"afganistan-se-queda-sin-internet-por-prohibicion-taliban","status":"publish","type":"post","link":"https:\/\/rnoticias.com.mx\/Portal\/2025\/09\/18\/afganistan-se-queda-sin-internet-por-prohibicion-taliban\/","title":{"rendered":"Afganist\u00e1n se queda sin internet por prohibici\u00f3n talib\u00e1n"},"content":{"rendered":"<p>El veto talib\u00e1n a internet se extiende en Afganist\u00e1n conforme m\u00e1s provincias se quedan sin acceso<\/p>\n<p><strong>Una campa\u00f1a de represi\u00f3n talib\u00e1n para &#8220;prevenir la inmoralidad&#8221; se est\u00e1 extendiendo por Afganist\u00e1n, donde m\u00e1s provincias perd\u00edan el acceso a internet de fibra \u00f3ptica despu\u00e9s de que el l\u00edder del pa\u00eds impusiera una prohibici\u00f3n total sobre la tecnolog\u00eda.<\/strong><\/p>\n<p>Es la primera vez que se impone una prohibici\u00f3n de este tipo desde que los talibanes tomaron el poder en agosto de 2021, y\u00a0<strong>deja a las oficinas gubernamentales, el sector privado, las instituciones p\u00fablicas y los hogares sin conexiones de internet Wi-Fi. Sin embargo, la red de internet para celulares sigue funcionando.<\/strong>\u00a0Los funcionarios dicen que se est\u00e1n encontrando alternativas &#8220;para las necesidades&#8221;.<\/p>\n<p>La provincia norte\u00f1a de Balkh confirm\u00f3 un apag\u00f3n de Wi-Fi el martes, con reportes de interrupciones severas en otras partes del pa\u00eds. El jueves, funcionarios en el este y norte dijeron que el acceso a internet fue cortado en las provincias de Baghlan, Badakhshan, Kunduz, Nangarhar y Takhar.<\/p>\n<p>La Organizaci\u00f3n de Apoyo a los Medios de Afganist\u00e1n conden\u00f3 la prohibici\u00f3n y expres\u00f3 su preocupaci\u00f3n.<\/p>\n<p><strong>&#8220;Esta acci\u00f3n, llevada a cabo por orden del l\u00edder de los talibanes, no solo interrumpe el acceso de millones de ciudadanos a informaci\u00f3n libre y servicios esenciales, sino que tambi\u00e9n representa una grave amenaza para la libertad de expresi\u00f3n y el trabajo de los medios&#8221;,<\/strong>\u00a0manifest\u00f3.<\/p>\n<p>El a\u00f1o pasado, un portavoz del Ministerio de Comunicaciones, Enayatullah Alokozai, dijo al canal de televisi\u00f3n privado TOLO News que Afganist\u00e1n ten\u00eda una red de fibra \u00f3ptica de m\u00e1s de mil 800 kil\u00f3metros\u00a0y que se hab\u00eda aprobado una extensi\u00f3n de 488 kil\u00f3metros (305 millas) adicionales.<\/p>\n<div class=\"div-pos-7\"><\/div>\n<p>La mayor\u00eda de las provincias afganas han tenido servicios de fibra \u00f3ptica hasta ahora.<\/p>\n","protected":false},"excerpt":{"rendered":"<p>El veto talib\u00e1n a internet se extiende en Afganist\u00e1n conforme m\u00e1s provincias se quedan sin acceso Una campa\u00f1a de represi\u00f3n talib\u00e1n para &#8220;prevenir la inmoralidad&#8221; se est\u00e1 extendiendo por Afganist\u00e1n, donde m\u00e1s provincias perd\u00edan el acceso a internet de fibra \u00f3ptica despu\u00e9s de que el l\u00edder del pa\u00eds impusiera una prohibici\u00f3n total sobre la tecnolog\u00eda. [&hellip;]<\/p>\n","protected":false},"author":2,"featured_media":229657,"comment_status":"closed","ping_status":"closed","sticky":false,"template":"","format":"standard","meta":{"footnotes":""},"categories":[12870,182],"tags":[12865,12871],"class_list":["post-229656","post","type-post","status-publish","format-standard","has-post-thumbnail","hentry","category-destacadas","category-internacional","tag-destacadas","tag-internacional"],"jetpack_featured_media_url":"https:\/\/rnoticias.com.mx\/Portal\/wp-content\/uploads\/2025\/09\/58954468_1004.jpg","amp_enabled":true,"_links":{"self":[{"href":"https:\/\/rnoticias.com.mx\/Portal\/wp-json\/wp\/v2\/posts\/229656","targetHints":{"allow":["GET"]}}],"collection":[{"href":"https:\/\/rnoticias.com.mx\/Portal\/wp-json\/wp\/v2\/posts"}],"about":[{"href":"https:\/\/rnoticias.com.mx\/Portal\/wp-json\/wp\/v2\/types\/post"}],"author":[{"embeddable":true,"href":"https:\/\/rnoticias.com.mx\/Portal\/wp-json\/wp\/v2\/users\/2"}],"replies":[{"embeddable":true,"href":"https:\/\/rnoticias.com.mx\/Portal\/wp-json\/wp\/v2\/comments?post=229656"}],"version-history":[{"count":1,"href":"https:\/\/rnoticias.com.mx\/Portal\/wp-json\/wp\/v2\/posts\/229656\/revisions"}],"predecessor-version":[{"id":229658,"href":"https:\/\/rnoticias.com.mx\/Portal\/wp-json\/wp\/v2\/posts\/229656\/revisions\/229658"}],"wp:featuredmedia":[{"embeddable":true,"href":"https:\/\/rnoticias.com.mx\/Portal\/wp-json\/wp\/v2\/media\/229657"}],"wp:attachment":[{"href":"https:\/\/rnoticias.com.mx\/Portal\/wp-json\/wp\/v2\/media?parent=229656"}],"wp:term":[{"taxonomy":"category","embeddable":true,"href":"https:\/\/rnoticias.com.mx\/Portal\/wp-json\/wp\/v2\/categories?post=229656"},{"taxonomy":"post_tag","embeddable":true,"href":"https:\/\/rnoticias.com.mx\/Portal\/wp-json\/wp\/v2\/tags?post=229656"}],"curies":[{"name":"wp","href":"https:\/\/api.w.org\/{rel}","templated":true}]}}