{"id":229653,"date":"2025-09-18T08:47:45","date_gmt":"2025-09-18T15:47:45","guid":{"rendered":"https:\/\/rnoticias.com.mx\/Portal\/?p=229653"},"modified":"2025-09-18T08:47:45","modified_gmt":"2025-09-18T15:47:45","slug":"engalana-gobierno-de-sonora-fiestas-patrias-en-arizona-y-california-cobach","status":"publish","type":"post","link":"https:\/\/rnoticias.com.mx\/Portal\/2025\/09\/18\/engalana-gobierno-de-sonora-fiestas-patrias-en-arizona-y-california-cobach\/","title":{"rendered":"Engalana Gobierno de Sonora Fiestas Patrias en Arizona y California: Cobach"},"content":{"rendered":"<p align=\"left\">Hermosillo, Sonora; 18 de septiembre de 2025.- La Banda de Guerra y la Escolta de Bandera del Colegio de Bachilleres del Estado de Sonora (Cobach) realizaron una majestuosa presentaci\u00f3n, por cuarto a\u00f1o consecutivo, en el tradicional Grito de Independencia organizado por el Consulado General de M\u00e9xico en Phoenix, Arizona.<\/p>\n<p align=\"left\">\n<p align=\"left\">Los alumnos asistieron a la capital del vecino estado norteamericano para participar en las conmemoraciones; adem\u00e1s, el grupo folcl\u00f3rico Pitiquin, del plantel Villa de Seris, y la Banda de Guerra del plantel Hermosillo V, viajaron a Santa Ana, California, donde formaron parte de las Fiestas Patrias en esa localidad.<\/p>\n<p align=\"left\">\n<p align=\"left\">El director general de Cobach, Rodrigo Arturo Rosas Burgos, destac\u00f3 que la Monumental Banda de Guerra y la Escolta, que se presentaron el 14 y 15 de septiembre en la Explanada del Capitolio de Arizona ante la comunidad mexicana radicada en ese estado, estuvieron conformadas por alumnos de los planteles Hermosillo V, California, Profesor Ernesto L\u00f3pez Riesgo, Jes\u00fas Guillermo Careaga Cruz (Reforma) y Villa de Seris.<\/p>\n<p align=\"left\">\n<p align=\"left\">Resalt\u00f3 que los estudiantes que integran los diferentes grupos que viajaron a Estados Unidos son la mejor representaci\u00f3n de Cobach y de la juventud sonorense en el extranjero, lo que llena de orgullo a la instituci\u00f3n, adem\u00e1s de servir de ejemplo de patriotismo y disciplina para sus compa\u00f1eros.<\/p>\n<p align=\"left\">\n<p align=\"left\">La Banda de Guerra Monumental de Cobach Sonora, conformada por 232 alumnos tocando tambor y corneta, ha engalanado los desfiles de Independencia y Revoluci\u00f3n Mexicana desde 1999 hasta la fecha, adem\u00e1s de participar en diversos eventos locales, nacionales e internacionales.<\/p>\n<p align=\"left\">\n<p align=\"left\">La alumna Luz Valeria Corral Ruiz, de quinto semestre del plantel Jes\u00fas Guillermo Careaga Cruz, fue la encargada de entregar la Bandera de M\u00e9xico al C\u00f3nsul General de M\u00e9xico en Phoenix, Jorge Mendoza Yescas.<\/p>\n","protected":false},"excerpt":{"rendered":"<p>Hermosillo, Sonora; 18 de septiembre de 2025.- La Banda de Guerra y la Escolta de Bandera del Colegio de Bachilleres del Estado de Sonora (Cobach) realizaron una majestuosa presentaci\u00f3n, por cuarto a\u00f1o consecutivo, en el tradicional Grito de Independencia organizado por el Consulado General de M\u00e9xico en Phoenix, Arizona. Los alumnos asistieron a la capital [&hellip;]<\/p>\n","protected":false},"author":2,"featured_media":229654,"comment_status":"closed","ping_status":"closed","sticky":false,"template":"","format":"standard","meta":{"footnotes":""},"categories":[12870,178],"tags":[12865,12869],"class_list":["post-229653","post","type-post","status-publish","format-standard","has-post-thumbnail","hentry","category-destacadas","category-local","tag-destacadas","tag-local"],"jetpack_featured_media_url":"https:\/\/rnoticias.com.mx\/Portal\/wp-content\/uploads\/2025\/09\/677.jpg","amp_enabled":true,"_links":{"self":[{"href":"https:\/\/rnoticias.com.mx\/Portal\/wp-json\/wp\/v2\/posts\/229653","targetHints":{"allow":["GET"]}}],"collection":[{"href":"https:\/\/rnoticias.com.mx\/Portal\/wp-json\/wp\/v2\/posts"}],"about":[{"href":"https:\/\/rnoticias.com.mx\/Portal\/wp-json\/wp\/v2\/types\/post"}],"author":[{"embeddable":true,"href":"https:\/\/rnoticias.com.mx\/Portal\/wp-json\/wp\/v2\/users\/2"}],"replies":[{"embeddable":true,"href":"https:\/\/rnoticias.com.mx\/Portal\/wp-json\/wp\/v2\/comments?post=229653"}],"version-history":[{"count":1,"href":"https:\/\/rnoticias.com.mx\/Portal\/wp-json\/wp\/v2\/posts\/229653\/revisions"}],"predecessor-version":[{"id":229655,"href":"https:\/\/rnoticias.com.mx\/Portal\/wp-json\/wp\/v2\/posts\/229653\/revisions\/229655"}],"wp:featuredmedia":[{"embeddable":true,"href":"https:\/\/rnoticias.com.mx\/Portal\/wp-json\/wp\/v2\/media\/229654"}],"wp:attachment":[{"href":"https:\/\/rnoticias.com.mx\/Portal\/wp-json\/wp\/v2\/media?parent=229653"}],"wp:term":[{"taxonomy":"category","embeddable":true,"href":"https:\/\/rnoticias.com.mx\/Portal\/wp-json\/wp\/v2\/categories?post=229653"},{"taxonomy":"post_tag","embeddable":true,"href":"https:\/\/rnoticias.com.mx\/Portal\/wp-json\/wp\/v2\/tags?post=229653"}],"curies":[{"name":"wp","href":"https:\/\/api.w.org\/{rel}","templated":true}]}}