{"id":229640,"date":"2025-09-17T19:05:46","date_gmt":"2025-09-18T02:05:46","guid":{"rendered":"https:\/\/rnoticias.com.mx\/Portal\/?p=229640"},"modified":"2025-09-17T19:05:46","modified_gmt":"2025-09-18T02:05:46","slug":"dani-alves-pierde-demanda-ante-pumas-y-debera-indemnizar-al-club","status":"publish","type":"post","link":"https:\/\/rnoticias.com.mx\/Portal\/2025\/09\/17\/dani-alves-pierde-demanda-ante-pumas-y-debera-indemnizar-al-club\/","title":{"rendered":"Dani Alves pierde demanda ante Pumas y deber\u00e1 indemnizar al club"},"content":{"rendered":"<p>Este mi\u00e9rcoles los Pumas anunciaron que &#8220;en el marco de la disputa contractual entre el Club y el jugador&#8221;, el TAS fall\u00f3 en favor de los universitarios y, por ende,\u00a0<strong>Dani Alves<\/strong>\u00a0deber\u00e1 pagarle una indemnizaci\u00f3n a la instituci\u00f3n por &#8220;da\u00f1os y perjuicios&#8221;.<\/p>\n<p>&#8220;El TAS resolvi\u00f3 a favor del Club, revocando la decisi\u00f3n del 15 de mayo de 2024 emitida por la C\u00e1mara de Resoluci\u00f3n de Disputas de la FIFA y dictando una nueva decisi\u00f3n en la que, aparte de confirmar la validez de la rescisi\u00f3n contractual con justa causa ejercida por el Club, conden\u00f3 al Sr. Alves al pago de una suma mayor a la establecida por la FIFA, por concepto de indemnizaci\u00f3n por los da\u00f1os y perjuicios ocasionados a esta instituci\u00f3n&#8221;, se lee en el comunicado publicado en la p\u00e1gina oficial del club.<\/p>\n<p>De acuerdo con TUDN,\u00a0Dani\u00a0Alves\u00a0hab\u00eda sido denunciado por Pumas por cinco millones de d\u00f3lares por incumplimiento de contrato y abandono de trabajo. Sin embargo, dicha demanda hab\u00eda sido desestimada por el TAS.<\/p>\n<p>Dicha demanda trascendi\u00f3 despu\u00e9s de que el futbolista brasile\u00f1o fuera encarcelado durante 14 meses tras ser demandado por violar a una mujer en una discoteca de Barcelona.<\/p>\n<p>Actualmente,\u00a0<strong>Alves se encuentra libre despu\u00e9s de recibir la libertad provisional y la revocaci\u00f3n de su condena de cuatro a\u00f1os y medio<\/strong>\u00a0tras la determinaci\u00f3n del Tribunal Superior de Justicia de Catalu\u00f1a (TSJC) de que el relato de la denunciante no era fiable.<\/p>\n","protected":false},"excerpt":{"rendered":"<p>Este mi\u00e9rcoles los Pumas anunciaron que &#8220;en el marco de la disputa contractual entre el Club y el jugador&#8221;, el TAS fall\u00f3 en favor de los universitarios y, por ende,\u00a0Dani Alves\u00a0deber\u00e1 pagarle una indemnizaci\u00f3n a la instituci\u00f3n por &#8220;da\u00f1os y perjuicios&#8221;. &#8220;El TAS resolvi\u00f3 a favor del Club, revocando la decisi\u00f3n del 15 de mayo [&hellip;]<\/p>\n","protected":false},"author":2,"featured_media":229641,"comment_status":"closed","ping_status":"closed","sticky":false,"template":"","format":"standard","meta":{"footnotes":""},"categories":[188,12870],"tags":[5231,12865],"class_list":["post-229640","post","type-post","status-publish","format-standard","has-post-thumbnail","hentry","category-deportes","category-destacadas","tag-deportes","tag-destacadas"],"jetpack_featured_media_url":"https:\/\/rnoticias.com.mx\/Portal\/wp-content\/uploads\/2025\/09\/3282329.jpg","amp_enabled":true,"_links":{"self":[{"href":"https:\/\/rnoticias.com.mx\/Portal\/wp-json\/wp\/v2\/posts\/229640","targetHints":{"allow":["GET"]}}],"collection":[{"href":"https:\/\/rnoticias.com.mx\/Portal\/wp-json\/wp\/v2\/posts"}],"about":[{"href":"https:\/\/rnoticias.com.mx\/Portal\/wp-json\/wp\/v2\/types\/post"}],"author":[{"embeddable":true,"href":"https:\/\/rnoticias.com.mx\/Portal\/wp-json\/wp\/v2\/users\/2"}],"replies":[{"embeddable":true,"href":"https:\/\/rnoticias.com.mx\/Portal\/wp-json\/wp\/v2\/comments?post=229640"}],"version-history":[{"count":1,"href":"https:\/\/rnoticias.com.mx\/Portal\/wp-json\/wp\/v2\/posts\/229640\/revisions"}],"predecessor-version":[{"id":229642,"href":"https:\/\/rnoticias.com.mx\/Portal\/wp-json\/wp\/v2\/posts\/229640\/revisions\/229642"}],"wp:featuredmedia":[{"embeddable":true,"href":"https:\/\/rnoticias.com.mx\/Portal\/wp-json\/wp\/v2\/media\/229641"}],"wp:attachment":[{"href":"https:\/\/rnoticias.com.mx\/Portal\/wp-json\/wp\/v2\/media?parent=229640"}],"wp:term":[{"taxonomy":"category","embeddable":true,"href":"https:\/\/rnoticias.com.mx\/Portal\/wp-json\/wp\/v2\/categories?post=229640"},{"taxonomy":"post_tag","embeddable":true,"href":"https:\/\/rnoticias.com.mx\/Portal\/wp-json\/wp\/v2\/tags?post=229640"}],"curies":[{"name":"wp","href":"https:\/\/api.w.org\/{rel}","templated":true}]}}