{"id":229637,"date":"2025-09-17T19:03:56","date_gmt":"2025-09-18T02:03:56","guid":{"rendered":"https:\/\/rnoticias.com.mx\/Portal\/?p=229637"},"modified":"2025-09-17T19:03:56","modified_gmt":"2025-09-18T02:03:56","slug":"gobierno-de-hermosillo-invita-a-celebrara-jornada-incluyente-yo-te-entiendo","status":"publish","type":"post","link":"https:\/\/rnoticias.com.mx\/Portal\/2025\/09\/17\/gobierno-de-hermosillo-invita-a-celebrara-jornada-incluyente-yo-te-entiendo\/","title":{"rendered":"Gobierno de Hermosillo invita a celebrar\u00e1 jornada incluyente \u201cYo te entiendo\u201d"},"content":{"rendered":"<p>Este domingo 21 de septiembre, la Plaza Zaragoza ser\u00e1 escenario de la jornada \u201cYo te entiendo\u201d, una iniciativa del Ayuntamiento de Hermosillo para promover la inclusi\u00f3n y sensibilizaci\u00f3n sobre los derechos de las personas con discapacidad.<\/p>\n<p>&nbsp;<\/p>\n<p>El evento se desarrollar\u00e1 de 18:00 a 21:00 horas dentro del programa V\u00eda Activa.<\/p>\n<p>&nbsp;<\/p>\n<p>La regidora Ana Paula Villalvazo, acompa\u00f1ada de la titular de Turismo en la capital sonorense, Fernanda Cisneros Rodr\u00edguez, inform\u00f3 que Hermosillo alberga a m\u00e1s de 41 mil personas con discapacidad, por lo que este tipo de espacios son clave para fomentar una cultura de respeto e integraci\u00f3n.<\/p>\n<p>&nbsp;<\/p>\n<p>\u201cQueremos visibilizar sus derechos y capacidades. La inclusi\u00f3n no debe ser un privilegio, sino un derecho\u201d, afirm\u00f3.<\/p>\n<p>&nbsp;<\/p>\n<p>Detall\u00f3, que el programa incluye actividades deportivas, expresiones art\u00edsticas, recorridos en transporte adaptado, m\u00f3dulos informativos y exhibici\u00f3n de productos elaborados por emprendedores con discapacidad.<\/p>\n<p>&nbsp;<\/p>\n<p>\u201cTambi\u00e9n se realizar\u00e1 una feria de empleo incluyente, con la participaci\u00f3n de 11 asociaciones civiles\u201d, cont\u00f3.<\/p>\n<p>&nbsp;<\/p>\n<p>El Ayuntamiento invita a todas y todos a participar y contribuir a una ciudad m\u00e1s emp\u00e1tica y accesible.<\/p>\n<p>&nbsp;<\/p>\n<p>&nbsp;<\/p>\n<p>&nbsp;<\/p>\n","protected":false},"excerpt":{"rendered":"<p>Este domingo 21 de septiembre, la Plaza Zaragoza ser\u00e1 escenario de la jornada \u201cYo te entiendo\u201d, una iniciativa del Ayuntamiento de Hermosillo para promover la inclusi\u00f3n y sensibilizaci\u00f3n sobre los derechos de las personas con discapacidad. &nbsp; El evento se desarrollar\u00e1 de 18:00 a 21:00 horas dentro del programa V\u00eda Activa. &nbsp; La regidora Ana [&hellip;]<\/p>\n","protected":false},"author":2,"featured_media":229638,"comment_status":"closed","ping_status":"closed","sticky":false,"template":"","format":"standard","meta":{"footnotes":""},"categories":[12870,178],"tags":[12865,12869],"class_list":["post-229637","post","type-post","status-publish","format-standard","has-post-thumbnail","hentry","category-destacadas","category-local","tag-destacadas","tag-local"],"jetpack_featured_media_url":"https:\/\/rnoticias.com.mx\/Portal\/wp-content\/uploads\/2025\/09\/1a19ebac-de70-4c50-bd96-8e603a37c24f.jpeg","amp_enabled":true,"_links":{"self":[{"href":"https:\/\/rnoticias.com.mx\/Portal\/wp-json\/wp\/v2\/posts\/229637","targetHints":{"allow":["GET"]}}],"collection":[{"href":"https:\/\/rnoticias.com.mx\/Portal\/wp-json\/wp\/v2\/posts"}],"about":[{"href":"https:\/\/rnoticias.com.mx\/Portal\/wp-json\/wp\/v2\/types\/post"}],"author":[{"embeddable":true,"href":"https:\/\/rnoticias.com.mx\/Portal\/wp-json\/wp\/v2\/users\/2"}],"replies":[{"embeddable":true,"href":"https:\/\/rnoticias.com.mx\/Portal\/wp-json\/wp\/v2\/comments?post=229637"}],"version-history":[{"count":1,"href":"https:\/\/rnoticias.com.mx\/Portal\/wp-json\/wp\/v2\/posts\/229637\/revisions"}],"predecessor-version":[{"id":229639,"href":"https:\/\/rnoticias.com.mx\/Portal\/wp-json\/wp\/v2\/posts\/229637\/revisions\/229639"}],"wp:featuredmedia":[{"embeddable":true,"href":"https:\/\/rnoticias.com.mx\/Portal\/wp-json\/wp\/v2\/media\/229638"}],"wp:attachment":[{"href":"https:\/\/rnoticias.com.mx\/Portal\/wp-json\/wp\/v2\/media?parent=229637"}],"wp:term":[{"taxonomy":"category","embeddable":true,"href":"https:\/\/rnoticias.com.mx\/Portal\/wp-json\/wp\/v2\/categories?post=229637"},{"taxonomy":"post_tag","embeddable":true,"href":"https:\/\/rnoticias.com.mx\/Portal\/wp-json\/wp\/v2\/tags?post=229637"}],"curies":[{"name":"wp","href":"https:\/\/api.w.org\/{rel}","templated":true}]}}