{"id":229621,"date":"2025-09-17T16:14:33","date_gmt":"2025-09-17T23:14:33","guid":{"rendered":"https:\/\/rnoticias.com.mx\/Portal\/?p=229621"},"modified":"2025-09-17T16:14:33","modified_gmt":"2025-09-17T23:14:33","slug":"siguen-abiertas-inscripciones-para-la-carrera-corre-conmigo-2025","status":"publish","type":"post","link":"https:\/\/rnoticias.com.mx\/Portal\/2025\/09\/17\/siguen-abiertas-inscripciones-para-la-carrera-corre-conmigo-2025\/","title":{"rendered":"Siguen abiertas inscripciones para la carrera \u201cCorre Conmigo\u201d 2025"},"content":{"rendered":"<p>La Fundaci\u00f3n Corre Conmigo mantiene abierta la convocatoria de registro para su tradicional carrera con causa, que se llevar\u00e1 a cabo el domingo 5 de octubre en el Parque La Ruina, en Hermosillo, inform\u00f3 Paloma Torres Samayoa.<\/p>\n<p>&nbsp;<\/p>\n<p>La secretaria de la Fundaci\u00f3n Corre Conmigo, record\u00f3 que el evento tiene como finalidad recaudar fondos para la entrega de sillas de ruedas y pr\u00f3tesis a medida a personas con discapacidad.<\/p>\n<p>&nbsp;<\/p>\n<p>Pues ahorita tenemos como objetivo este juntar 1500 corredores, ya hemos tenido la verdad que hemos tenido muy buena respuesta de parte de la\u00a0de la comunidad hermosillense, porque si nos han apoyado mucho. El a\u00f1o pasado tuvimos 1200 participantes\u201d, declar\u00f3.<\/p>\n<p>&nbsp;<\/p>\n<p>Detall\u00f3, que la ruta contempla tramos por los bulevares Rodr\u00edguez y Veracruz. Las inscripciones est\u00e1n disponibles en l\u00ednea a trav\u00e9s de pistapista.com, y tambi\u00e9n se aceptar\u00e1n el d\u00eda de entrega de kits.<\/p>\n<p>&nbsp;<\/p>\n<p>La cuota de recuperaci\u00f3n es de $250 pesos e incluye cronometraje; adem\u00e1s, se ofrecer\u00e1n camisetas conmemorativas de esta doceava edici\u00f3n, que busca fomentar la inclusi\u00f3n y la empat\u00eda social.<\/p>\n<p>&nbsp;<\/p>\n<p>Quien desee inscribirse, pueden hacerlo en la p\u00e1gina: <a href=\"http:\/\/www.pistapista.com\">www.pistapista.com<\/a>.<\/p>\n<p>&nbsp;<\/p>\n","protected":false},"excerpt":{"rendered":"<p>La Fundaci\u00f3n Corre Conmigo mantiene abierta la convocatoria de registro para su tradicional carrera con causa, que se llevar\u00e1 a cabo el domingo 5 de octubre en el Parque La Ruina, en Hermosillo, inform\u00f3 Paloma Torres Samayoa. &nbsp; La secretaria de la Fundaci\u00f3n Corre Conmigo, record\u00f3 que el evento tiene como finalidad recaudar fondos para [&hellip;]<\/p>\n","protected":false},"author":2,"featured_media":229622,"comment_status":"closed","ping_status":"closed","sticky":false,"template":"","format":"standard","meta":{"footnotes":""},"categories":[12870,178],"tags":[12865,12869],"class_list":["post-229621","post","type-post","status-publish","format-standard","has-post-thumbnail","hentry","category-destacadas","category-local","tag-destacadas","tag-local"],"jetpack_featured_media_url":"https:\/\/rnoticias.com.mx\/Portal\/wp-content\/uploads\/2025\/09\/1f3be54b-0fbf-4a9e-a158-37f210de3a03.jpeg","amp_enabled":true,"_links":{"self":[{"href":"https:\/\/rnoticias.com.mx\/Portal\/wp-json\/wp\/v2\/posts\/229621","targetHints":{"allow":["GET"]}}],"collection":[{"href":"https:\/\/rnoticias.com.mx\/Portal\/wp-json\/wp\/v2\/posts"}],"about":[{"href":"https:\/\/rnoticias.com.mx\/Portal\/wp-json\/wp\/v2\/types\/post"}],"author":[{"embeddable":true,"href":"https:\/\/rnoticias.com.mx\/Portal\/wp-json\/wp\/v2\/users\/2"}],"replies":[{"embeddable":true,"href":"https:\/\/rnoticias.com.mx\/Portal\/wp-json\/wp\/v2\/comments?post=229621"}],"version-history":[{"count":1,"href":"https:\/\/rnoticias.com.mx\/Portal\/wp-json\/wp\/v2\/posts\/229621\/revisions"}],"predecessor-version":[{"id":229623,"href":"https:\/\/rnoticias.com.mx\/Portal\/wp-json\/wp\/v2\/posts\/229621\/revisions\/229623"}],"wp:featuredmedia":[{"embeddable":true,"href":"https:\/\/rnoticias.com.mx\/Portal\/wp-json\/wp\/v2\/media\/229622"}],"wp:attachment":[{"href":"https:\/\/rnoticias.com.mx\/Portal\/wp-json\/wp\/v2\/media?parent=229621"}],"wp:term":[{"taxonomy":"category","embeddable":true,"href":"https:\/\/rnoticias.com.mx\/Portal\/wp-json\/wp\/v2\/categories?post=229621"},{"taxonomy":"post_tag","embeddable":true,"href":"https:\/\/rnoticias.com.mx\/Portal\/wp-json\/wp\/v2\/tags?post=229621"}],"curies":[{"name":"wp","href":"https:\/\/api.w.org\/{rel}","templated":true}]}}