{"id":229618,"date":"2025-09-17T16:13:15","date_gmt":"2025-09-17T23:13:15","guid":{"rendered":"https:\/\/rnoticias.com.mx\/Portal\/?p=229618"},"modified":"2025-09-17T16:13:15","modified_gmt":"2025-09-17T23:13:15","slug":"aprueba-congreso-de-sonora-reformas-a-leyes-revocaciones-y-turna-iniciativas","status":"publish","type":"post","link":"https:\/\/rnoticias.com.mx\/Portal\/2025\/09\/17\/aprueba-congreso-de-sonora-reformas-a-leyes-revocaciones-y-turna-iniciativas\/","title":{"rendered":"Aprueba Congreso de Sonora reformas a leyes, revocaciones y turna iniciativas"},"content":{"rendered":"<p>Hermosillo, Sonora; 17 de septiembre de 2025.- El Pleno del Congreso del Estado de Sonora aprob\u00f3 reformas a la Ley de Agua y a la Ley Org\u00e1nica del Poder Legislativo, as\u00ed como la revocaci\u00f3n de mandato de regidores en los municipios de La Colorada, Divisaderos y Cucurpe. Asimismo, turn\u00f3 iniciativas a comisiones en materia de protecci\u00f3n infantil, matrimonio adolescente, fomento a la lectura y deporte inclusivo, y escuch\u00f3 posicionamientos en relaci\u00f3n con el cuarto informe del gobernador Alfonso Durazo.<\/p>\n<p>La diputada Mar\u00eda Eduwiges Espinoza Tapia (Morena) present\u00f3 una iniciativa de reforma a la Ley Org\u00e1nica del Poder Legislativo para cambiar el nombre de la Comisi\u00f3n de Bienestar Social a Comisi\u00f3n de Bienestar, con el prop\u00f3sito de brindar mayor claridad institucional y fortalecer su alineaci\u00f3n con las pol\u00edticas nacionales.<\/p>\n<p>El diputado Omar Francisco Del Valle Colosio (PVEM) present\u00f3 el dictamen de la Comisi\u00f3n del Agua que reforma la Ley de Agua para promover el cultivo y la preservaci\u00f3n de plantas nativas en Sonora, priorizando su uso en parques, jardines y espacios p\u00fablicos, con el objetivo de optimizar el aprovechamiento del recurso h\u00eddrico y fomentar pr\u00e1cticas de forestaci\u00f3n sostenibles.<\/p>\n<p>Las diputadas Gabriela Danitza F\u00e9lix Boj\u00f3rquez (MC) y Rebeca Irene Silva Gallardo (NAS), as\u00ed como el diputado H\u00e9ctor Ra\u00fal Castelo Monta\u00f1o (Morena), presentaron los dict\u00e1menes de la Comisi\u00f3n de Presupuestos y Asuntos Municipales que autorizan la revocaci\u00f3n del mandato de los regidores propietarios de La Colorada, Divisaderos y Cucurpe, debido al fallecimiento de Juan Antonio Ruiz Gil y Santiago Vega D\u00e1vila, y al abandono de funciones de Jos\u00e9 Lorenzo Saavedra Le\u00f3n, respectivamente.<\/p>\n<p>Se convoc\u00f3 a los regidores suplentes Sergio Villaescusa Vera, V\u00edctor Francisco Soqui y Octavio Palominos Montijo para asumir los cargos vacantes en dichos municipios. Ferm\u00edn Trujillo Fuentes (NAS) y Claudia Zulema Bours Corral (PVEM) fueron designados para asistir, en representaci\u00f3n del Congreso del Estado, a la toma de protesta.<\/p>\n<p>La diputada Ernestina Castro Valenzuela (Morena) present\u00f3 una iniciativa de reforma y adici\u00f3n al C\u00f3digo Penal del Estado de Sonora, con el prop\u00f3sito de fortalecer la protecci\u00f3n de ni\u00f1as, ni\u00f1os y adolescentes al elevar a 16 a\u00f1os la edad m\u00ednima de consentimiento sexual, redefinir jur\u00eddicamente el consentimiento y actualizar los delitos sexuales, a fin de prevenir abusos y garantizar su sano desarrollo integral y psicosexual.<\/p>\n<p>El diputado \u00d3scar Ortiz Arvayo (PT) dio lectura a una iniciativa de reforma y adici\u00f3n a la Ley de Fomento a la Lectura y el Libro del Estado de Sonora, con el fin de armonizarla con la normativa federal, reconocer la lectura como un derecho cultural y el libro como un bien estrat\u00e9gico. La propuesta fortalece los programas e instituciones de fomento, impulsa la bibliodiversidad y contempla la creaci\u00f3n de la plataforma digital \u201cSonora Lee\u201d.<\/p>\n<p>Posteriormente, la diputada Gabriela Danitza F\u00e9lix Boj\u00f3rquez (MC) present\u00f3 una iniciativa de reforma a la Ley del Registro Civil del Estado de Sonora, con el objetivo de fortalecer la protecci\u00f3n de ni\u00f1as, ni\u00f1os y adolescentes, prohibiendo el matrimonio antes de los 18 a\u00f1os.<\/p>\n<p>Por su parte, la diputada Alejandra L\u00f3pez Noriega present\u00f3 una iniciativa que refuerza el marco legal del deporte inclusivo en Sonora, reconociendo y garantizando los derechos de las personas con discapacidad, as\u00ed como fomentando su participaci\u00f3n en la educaci\u00f3n, el deporte y la cultura.<\/p>\n<p>Las iniciativas fueron turnadas para su estudio a las comisiones de Justicia y Derechos Humanos e Igualdad de G\u00e9nero, en forma unida, as\u00ed como a las comisiones de Educaci\u00f3n y Cultura y de Derechos de la Ni\u00f1ez, Adolescencia y la Juventud.<\/p>\n<p>El diputado Ren\u00e9 Edmundo Garc\u00eda Rojo (PT) y la diputada Azalia Guevara Espinoza (PVEM), mediante posicionamientos, respaldaron el cuarto informe del gobernador Alfonso Durazo Monta\u00f1o.<\/p>\n<p>Finalmente, se convoc\u00f3 a sesi\u00f3n del Pleno para el jueves 18 de septiembre a las 10:00 horas.<\/p>\n","protected":false},"excerpt":{"rendered":"<p>Hermosillo, Sonora; 17 de septiembre de 2025.- El Pleno del Congreso del Estado de Sonora aprob\u00f3 reformas a la Ley de Agua y a la Ley Org\u00e1nica del Poder Legislativo, as\u00ed como la revocaci\u00f3n de mandato de regidores en los municipios de La Colorada, Divisaderos y Cucurpe. Asimismo, turn\u00f3 iniciativas a comisiones en materia de [&hellip;]<\/p>\n","protected":false},"author":2,"featured_media":229619,"comment_status":"closed","ping_status":"closed","sticky":false,"template":"","format":"standard","meta":{"footnotes":""},"categories":[12870,12868],"tags":[12865,12879],"class_list":["post-229618","post","type-post","status-publish","format-standard","has-post-thumbnail","hentry","category-destacadas","category-politica","tag-destacadas","tag-politica"],"jetpack_featured_media_url":"https:\/\/rnoticias.com.mx\/Portal\/wp-content\/uploads\/2025\/09\/2b432dc2-79a2-4102-a46f-7cd514161404.jpeg","amp_enabled":true,"_links":{"self":[{"href":"https:\/\/rnoticias.com.mx\/Portal\/wp-json\/wp\/v2\/posts\/229618","targetHints":{"allow":["GET"]}}],"collection":[{"href":"https:\/\/rnoticias.com.mx\/Portal\/wp-json\/wp\/v2\/posts"}],"about":[{"href":"https:\/\/rnoticias.com.mx\/Portal\/wp-json\/wp\/v2\/types\/post"}],"author":[{"embeddable":true,"href":"https:\/\/rnoticias.com.mx\/Portal\/wp-json\/wp\/v2\/users\/2"}],"replies":[{"embeddable":true,"href":"https:\/\/rnoticias.com.mx\/Portal\/wp-json\/wp\/v2\/comments?post=229618"}],"version-history":[{"count":1,"href":"https:\/\/rnoticias.com.mx\/Portal\/wp-json\/wp\/v2\/posts\/229618\/revisions"}],"predecessor-version":[{"id":229620,"href":"https:\/\/rnoticias.com.mx\/Portal\/wp-json\/wp\/v2\/posts\/229618\/revisions\/229620"}],"wp:featuredmedia":[{"embeddable":true,"href":"https:\/\/rnoticias.com.mx\/Portal\/wp-json\/wp\/v2\/media\/229619"}],"wp:attachment":[{"href":"https:\/\/rnoticias.com.mx\/Portal\/wp-json\/wp\/v2\/media?parent=229618"}],"wp:term":[{"taxonomy":"category","embeddable":true,"href":"https:\/\/rnoticias.com.mx\/Portal\/wp-json\/wp\/v2\/categories?post=229618"},{"taxonomy":"post_tag","embeddable":true,"href":"https:\/\/rnoticias.com.mx\/Portal\/wp-json\/wp\/v2\/tags?post=229618"}],"curies":[{"name":"wp","href":"https:\/\/api.w.org\/{rel}","templated":true}]}}