{"id":229612,"date":"2025-09-17T15:51:22","date_gmt":"2025-09-17T22:51:22","guid":{"rendered":"https:\/\/rnoticias.com.mx\/Portal\/?p=229612"},"modified":"2025-09-17T15:51:22","modified_gmt":"2025-09-17T22:51:22","slug":"testamento-de-giorgio-armani-allana-camino-para-posible-compra-por-parte-de-gigantes-del-lujo","status":"publish","type":"post","link":"https:\/\/rnoticias.com.mx\/Portal\/2025\/09\/17\/testamento-de-giorgio-armani-allana-camino-para-posible-compra-por-parte-de-gigantes-del-lujo\/","title":{"rendered":"Testamento de Giorgio Armani allana camino para posible compra por parte de gigantes del lujo"},"content":{"rendered":"<div id=\"article-content-tts\" class=\"nota-contenido mb-5\">\n<div id=\"content_nitf\">\n<p class=\"nota-justify\"><i>Mil\u00e1n<\/i>. La leyenda de la moda Giorgio Armani pidi\u00f3 en su testamento, hecho p\u00fablico el viernes, que un importante grupo de lujo adquiriera una participaci\u00f3n en su empresa, citando a LVMH, EssilorLuxottica o L&#8217;Or\u00e9al como posibles compradores.<\/p>\n<p class=\"nota-justify\">El dise\u00f1ador italiano, fallecido el 4 de septiembre a los 91 a\u00f1os, encarg\u00f3 a la fundaci\u00f3n que hereda su empresa ceder &#8220;una participaci\u00f3n del 15%&#8221; a un gigante del mundo de la moda &#8220;entre 12 y 18 meses despu\u00e9s de la apertura del testamento&#8221;, que tuvo lugar el jueves.<\/p>\n<p class=\"nota-justify\">Armani nombr\u00f3 al grupo de lujo LVMH, al gigante de los lentes EssilorLuxottica, al n\u00famero uno mundial de los cosm\u00e9ticos L&#8217;Or\u00e9al y a otros conglomerados de la moda como sus compradores predilectos, especialmente aquellas con las que &#8220;ya colabor\u00f3&#8221;, seg\u00fan extractos del testamento publicados por los medios de comunicaci\u00f3n italianos.<\/p>\n<p class=\"nota-justify\">El grupo Armani, cuyas actividades abarcan desde la alta costura hasta la hosteler\u00eda, est\u00e1 valorado en varios miles de millones de euros. A lo largo de su carrera, el dise\u00f1ador mantuvo el control de su marca.<\/p>\n<p class=\"nota-justify\">Bernard Arnault, presidente ejecutivo del l\u00edder mundial del sector del lujo LVMH, declar\u00f3 a AFP que se siente &#8220;honrado&#8221; de que su grupo fuera designado como un candidato para establecer una asociaci\u00f3n.<\/p>\n<p class=\"nota-justify\">&#8220;Giorgio Armani, a quien tuve el placer de conocer personalmente, era un aut\u00e9ntico genio, el \u00fanico gran dise\u00f1ador, junto con Christian Dior, que cre\u00f3 y dirigi\u00f3 una marca mundial tanto en t\u00e9rminos de estilo como en t\u00e9rminos industriales&#8221;, afirm\u00f3 el presidente ejecutivo de LVMH, due\u00f1o de marcas como Louis Vuitton o Dior.<\/p>\n<p class=\"nota-justify\">L&#8217;Or\u00e9al, que posee la licencia de Armani para perfumes y cosm\u00e9ticos desde 1988, indic\u00f3 a AFP que est\u00e1 estudiando &#8220;con gran consideraci\u00f3n esta perspectiva, que se inscribe en el marco de [una] larga historia com\u00fan&#8221;.<\/p>\n<p class=\"nota-justify\">EssilorLuxottica tambi\u00e9n la estudiar\u00e1 &#8220;atentamente&#8221;, coment\u00f3 un portavoz de la empresa a la prensa italiana, &#8220;orgulloso de la estima&#8221; que el dise\u00f1ador mostr\u00f3 por el grupo.<\/p>\n<p class=\"nota-justify\">El accionista seleccionado tendr\u00e1 posteriormente la posibilidad de tomar el control del grupo, adquiriendo entre el 30% y el 54,9% del resto del capital en un plazo de entre tres y cinco a\u00f1os.<\/p>\n<p class=\"nota-justify\">Gesti\u00f3n &#8220;\u00e9tica&#8221;<\/p>\n<p class=\"nota-justify\">La pareja y mano derecha de Giorgio Armani, Leo Dell&#8217;Orco, junto con sus dos sobrinos, ser\u00e1n los encargados de tomar estas decisiones sobre el capital, en calidad de accionistas de la fundaci\u00f3n Armani.<\/p>\n<p class=\"nota-justify\">Si esta venta no se llevara a cabo, el dise\u00f1ador pidi\u00f3 que su empresa cotice en bolsa.<\/p>\n<p class=\"nota-justify\">El modisto tambi\u00e9n pidi\u00f3 que su empresa se gestione &#8220;de forma \u00e9tica, con integridad moral y correcci\u00f3n&#8221;, e insisti\u00f3 en &#8220;la b\u00fasqueda de un estilo esencial, moderno, elegante y discreto&#8221;, y con &#8220;atenci\u00f3n a la innovaci\u00f3n, la excelencia, la calidad y el refinamiento del producto&#8221;.<\/p>\n<p class=\"nota-justify\">La direcci\u00f3n de Armani confirm\u00f3 el viernes la publicaci\u00f3n del testamento y a\u00f1adi\u00f3 que &#8220;la primera tarea&#8221; de la fundaci\u00f3n &#8220;ser\u00e1 proponer el nombre del nuevo director general&#8221; del grupo.<\/p>\n<p class=\"nota-justify\">La fundaci\u00f3n nunca poseer\u00e1 menos del 30% del capital, actuando as\u00ed como garante permanente del &#8220;respeto de los principios fundacionales&#8221;, precis\u00f3.<\/p>\n<p class=\"nota-justify\">Giorgio Armani se hab\u00eda convertido en uno de los hombres m\u00e1s ricos del mundo y el cuarto m\u00e1s rico de Italia, con un patrimonio estimado en 11 mil 800 millones de d\u00f3lares, seg\u00fan la revista Forbes.<\/p>\n<p class=\"nota-justify\">Dirig\u00eda un imperio con m\u00e1s de 9 mil empleados a finales de 2023 y una facturaci\u00f3n de 2 mil 300 millones de euros en 2024, seg\u00fan el grupo.<\/p>\n<p class=\"nota-justify\">M\u00e1s de 600 tiendas en todo el mundo venden ropa Armani en varias gamas: Giorgio Armani, Emporio Armani, A|X Armani Exchange y EA7.<\/p>\n<p class=\"nota-justify\">La fundaci\u00f3n tendr\u00e1 el 10% de las acciones de la empresa y el resto en nuda propiedad, con el 30% de los derechos de voto. Dell&#8217;Orco tendr\u00e1 el 40% de los derechos de voto y los sobrinos del dise\u00f1ador, Silvana Armani y Andrea Camerana, el 15% cada uno.<\/p>\n<p class=\"nota-justify\">El otro imperio del dise\u00f1ador, el inmobiliario, fue legado a su hermana Rosanna y a sus sobrinos Andrea y Silvana. Sin embargo, Dell&#8217;Orco conserva el usufructo de sus numerosas propiedades situadas en Saint-Tropez, en la Costa Azul francesa, Saint-Moritz, en Suiza, y en las islas de Antigua y en Pantelaria.<\/p>\n<\/div>\n<\/div>\n<div class=\"notas-relacionadas\"><\/div>\n<div class=\"nota-tags\"><\/div>\n","protected":false},"excerpt":{"rendered":"<p>Mil\u00e1n. La leyenda de la moda Giorgio Armani pidi\u00f3 en su testamento, hecho p\u00fablico el viernes, que un importante grupo de lujo adquiriera una participaci\u00f3n en su empresa, citando a LVMH, EssilorLuxottica o L&#8217;Or\u00e9al como posibles compradores. El dise\u00f1ador italiano, fallecido el 4 de septiembre a los 91 a\u00f1os, encarg\u00f3 a la fundaci\u00f3n que hereda [&hellip;]<\/p>\n","protected":false},"author":2,"featured_media":229613,"comment_status":"closed","ping_status":"closed","sticky":false,"template":"","format":"standard","meta":{"footnotes":""},"categories":[12870,219],"tags":[12865,12875],"class_list":["post-229612","post","type-post","status-publish","format-standard","has-post-thumbnail","hentry","category-destacadas","category-espectaculos","tag-destacadas","tag-espectaculos"],"jetpack_featured_media_url":"https:\/\/rnoticias.com.mx\/Portal\/wp-content\/uploads\/2025\/09\/descarga-1.jpeg","amp_enabled":true,"_links":{"self":[{"href":"https:\/\/rnoticias.com.mx\/Portal\/wp-json\/wp\/v2\/posts\/229612","targetHints":{"allow":["GET"]}}],"collection":[{"href":"https:\/\/rnoticias.com.mx\/Portal\/wp-json\/wp\/v2\/posts"}],"about":[{"href":"https:\/\/rnoticias.com.mx\/Portal\/wp-json\/wp\/v2\/types\/post"}],"author":[{"embeddable":true,"href":"https:\/\/rnoticias.com.mx\/Portal\/wp-json\/wp\/v2\/users\/2"}],"replies":[{"embeddable":true,"href":"https:\/\/rnoticias.com.mx\/Portal\/wp-json\/wp\/v2\/comments?post=229612"}],"version-history":[{"count":1,"href":"https:\/\/rnoticias.com.mx\/Portal\/wp-json\/wp\/v2\/posts\/229612\/revisions"}],"predecessor-version":[{"id":229614,"href":"https:\/\/rnoticias.com.mx\/Portal\/wp-json\/wp\/v2\/posts\/229612\/revisions\/229614"}],"wp:featuredmedia":[{"embeddable":true,"href":"https:\/\/rnoticias.com.mx\/Portal\/wp-json\/wp\/v2\/media\/229613"}],"wp:attachment":[{"href":"https:\/\/rnoticias.com.mx\/Portal\/wp-json\/wp\/v2\/media?parent=229612"}],"wp:term":[{"taxonomy":"category","embeddable":true,"href":"https:\/\/rnoticias.com.mx\/Portal\/wp-json\/wp\/v2\/categories?post=229612"},{"taxonomy":"post_tag","embeddable":true,"href":"https:\/\/rnoticias.com.mx\/Portal\/wp-json\/wp\/v2\/tags?post=229612"}],"curies":[{"name":"wp","href":"https:\/\/api.w.org\/{rel}","templated":true}]}}