{"id":229609,"date":"2025-09-17T15:49:28","date_gmt":"2025-09-17T22:49:28","guid":{"rendered":"https:\/\/rnoticias.com.mx\/Portal\/?p=229609"},"modified":"2025-09-17T15:49:28","modified_gmt":"2025-09-17T22:49:28","slug":"piden-incluir-ciclovia-en-ampliacion-de-carretera-hermosillo-kino","status":"publish","type":"post","link":"https:\/\/rnoticias.com.mx\/Portal\/2025\/09\/17\/piden-incluir-ciclovia-en-ampliacion-de-carretera-hermosillo-kino\/","title":{"rendered":"Piden incluir ciclov\u00eda en ampliaci\u00f3n de carretera Hermosillo-Kino"},"content":{"rendered":"<p>Integrantes del colectivo Bikes and Beers Crew, reconoci\u00f3 como positiva la inversi\u00f3n anunciada por autoridades estatales para la ampliaci\u00f3n de la carretera Hermosillo-Quino, pero tambi\u00e9n solicitan se construya a la par una ciclo v\u00eda segura y separada de la vialidad.<\/p>\n<p>&nbsp;<\/p>\n<p>Jos\u00e9 Carlos Olivero, miembro del colectivo, se\u00f1al\u00f3 que, si esa r\u00faa contempla ciclo v\u00edas, ayudar\u00e1 a generar m\u00e1s visitantes y derrama econ\u00f3mica por parte de ciclistas.<\/p>\n<p>&nbsp;<\/p>\n<p>\u201cEso tambi\u00e9n desatar\u00eda un turismo importante hacia Kino. Actualmente ya vemos mucha gente que rodamos Hermosillo-Kino por el hombro de la\u00a0carretera o el acotamiento de la carretera, lo cual est\u00e1 peligroso. Entonces s\u00ed ser\u00eda important\u00edsimo\u00a0poder colocar una ciclov\u00eda ah\u00ed de al menos un metro cincuenta de ancho, separado de la carretera\u00a0al menos dos metros y con sentido\u201d, detall\u00f3.<\/p>\n<p>&nbsp;<\/p>\n<p>Resalt\u00f3, que adem\u00e1s una obra de ese tama\u00f1o, seria de mucho beneficio para comunidades como Miguel Alem\u00e1n y las zonas costeras, ya que muchos de sus habitantes dependen de la bicicleta como medio de transporte, especialmente jornaleros y familias que se trasladan diariamente.<\/p>\n<p>&nbsp;<\/p>\n","protected":false},"excerpt":{"rendered":"<p>Integrantes del colectivo Bikes and Beers Crew, reconoci\u00f3 como positiva la inversi\u00f3n anunciada por autoridades estatales para la ampliaci\u00f3n de la carretera Hermosillo-Quino, pero tambi\u00e9n solicitan se construya a la par una ciclo v\u00eda segura y separada de la vialidad. &nbsp; Jos\u00e9 Carlos Olivero, miembro del colectivo, se\u00f1al\u00f3 que, si esa r\u00faa contempla ciclo v\u00edas, [&hellip;]<\/p>\n","protected":false},"author":2,"featured_media":229610,"comment_status":"closed","ping_status":"closed","sticky":false,"template":"","format":"standard","meta":{"footnotes":""},"categories":[12870,178],"tags":[12865,12869],"class_list":["post-229609","post","type-post","status-publish","format-standard","has-post-thumbnail","hentry","category-destacadas","category-local","tag-destacadas","tag-local"],"jetpack_featured_media_url":"https:\/\/rnoticias.com.mx\/Portal\/wp-content\/uploads\/2025\/09\/C9ZDPzUUQAANmf4-750x450-1.jpg","amp_enabled":true,"_links":{"self":[{"href":"https:\/\/rnoticias.com.mx\/Portal\/wp-json\/wp\/v2\/posts\/229609","targetHints":{"allow":["GET"]}}],"collection":[{"href":"https:\/\/rnoticias.com.mx\/Portal\/wp-json\/wp\/v2\/posts"}],"about":[{"href":"https:\/\/rnoticias.com.mx\/Portal\/wp-json\/wp\/v2\/types\/post"}],"author":[{"embeddable":true,"href":"https:\/\/rnoticias.com.mx\/Portal\/wp-json\/wp\/v2\/users\/2"}],"replies":[{"embeddable":true,"href":"https:\/\/rnoticias.com.mx\/Portal\/wp-json\/wp\/v2\/comments?post=229609"}],"version-history":[{"count":1,"href":"https:\/\/rnoticias.com.mx\/Portal\/wp-json\/wp\/v2\/posts\/229609\/revisions"}],"predecessor-version":[{"id":229611,"href":"https:\/\/rnoticias.com.mx\/Portal\/wp-json\/wp\/v2\/posts\/229609\/revisions\/229611"}],"wp:featuredmedia":[{"embeddable":true,"href":"https:\/\/rnoticias.com.mx\/Portal\/wp-json\/wp\/v2\/media\/229610"}],"wp:attachment":[{"href":"https:\/\/rnoticias.com.mx\/Portal\/wp-json\/wp\/v2\/media?parent=229609"}],"wp:term":[{"taxonomy":"category","embeddable":true,"href":"https:\/\/rnoticias.com.mx\/Portal\/wp-json\/wp\/v2\/categories?post=229609"},{"taxonomy":"post_tag","embeddable":true,"href":"https:\/\/rnoticias.com.mx\/Portal\/wp-json\/wp\/v2\/tags?post=229609"}],"curies":[{"name":"wp","href":"https:\/\/api.w.org\/{rel}","templated":true}]}}