{"id":229545,"date":"2025-09-16T20:53:05","date_gmt":"2025-09-17T03:53:05","guid":{"rendered":"https:\/\/rnoticias.com.mx\/Portal\/?p=229545"},"modified":"2025-09-16T20:53:05","modified_gmt":"2025-09-17T03:53:05","slug":"jueza-de-campeche-ordena-extender-tres-meses-medidas-cautelares-de-censura-al-diario-tribuna","status":"publish","type":"post","link":"https:\/\/rnoticias.com.mx\/Portal\/2025\/09\/16\/jueza-de-campeche-ordena-extender-tres-meses-medidas-cautelares-de-censura-al-diario-tribuna\/","title":{"rendered":"Jueza de Campeche ordena extender tres meses medidas cautelares de censura al diario Tribuna"},"content":{"rendered":"<p class=\"nota-justify\"><i>Campeche, Cam.<\/i>\u00a0El Juzgado de Control del Sistema de Justicia Penal Acusatorio y Oral de Primera Instancia de Campeche, a cargo de la jueza de control Ana Maribel de Atocha Huitz May, resolvi\u00f3 mantener y prolongar por tres meses m\u00e1s las medidas cautelares de censura previa impuestas contra Organizaci\u00f3n Editorial del Sureste, S.A. de C.V., editora del peri\u00f3dico Tribuna, e incluy\u00f3 tambi\u00e9n al periodista Jorge Gonz\u00e1lez Valdez.<\/p>\n<p class=\"nota-justify\">El juzgado hab\u00eda ordenado que todas las notas relacionadas con Layda Sansores San Rom\u00e1n, fueran sometidas a revisi\u00f3n antes de ser publicadas por un censor designado por el Poder Judicial, y en una audiencia de \u00faltima hora celebrada este lunes 15 de septiembre, que inici\u00f3 al mediod\u00eda y se prolong\u00f3 por cuatro horas, la jueza determin\u00f3 extender estas restricciones por un nuevo periodo y hacerlas aplicables al comunicador.<\/p>\n<p class=\"nota-justify\">La disposici\u00f3n obliga tanto al diario Tribuna, como a Gonz\u00e1lez Valdez, a enviar cada publicaci\u00f3n a revisi\u00f3n antes de difundirse, con un plazo m\u00e1ximo de 30 minutos para recibir observaciones, modificaciones e incluso la prohibici\u00f3n de que sea subida a la plataforma digital. En caso de incumplimiento, la responsabilidad recaer\u00e1 en el representante legal de la empresa editorial y en el periodista Jorge Gonz\u00e1lez Valdez.<\/p>\n<p class=\"nota-justify\">El acuerdo judicial sostiene que el objetivo de la medida es evitar la difusi\u00f3n de contenidos considerados ofensivos o discriminatorios hacia la gobernadora Layda Sansores San Rom\u00e1n.<\/p>\n<p class=\"nota-justify\">La empresa editorial considero que esta determinaci\u00f3n ratifica y ampl\u00eda el esquema de censura previa, sometiendo, bajo supervisi\u00f3n directa, tanto al medio digital Tribuna como al periodista Jorge Gonz\u00e1lez Valdez durante un lapso adicional de tres meses.<\/p>\n<p>&nbsp;<\/p>\n<p>La Jornada<\/p>\n","protected":false},"excerpt":{"rendered":"<p>Campeche, Cam.\u00a0El Juzgado de Control del Sistema de Justicia Penal Acusatorio y Oral de Primera Instancia de Campeche, a cargo de la jueza de control Ana Maribel de Atocha Huitz May, resolvi\u00f3 mantener y prolongar por tres meses m\u00e1s las medidas cautelares de censura previa impuestas contra Organizaci\u00f3n Editorial del Sureste, S.A. de C.V., editora [&hellip;]<\/p>\n","protected":false},"author":2,"featured_media":229546,"comment_status":"closed","ping_status":"closed","sticky":false,"template":"","format":"standard","meta":{"footnotes":""},"categories":[172],"tags":[12874],"class_list":["post-229545","post","type-post","status-publish","format-standard","has-post-thumbnail","hentry","category-nacional","tag-nacional"],"jetpack_featured_media_url":"https:\/\/rnoticias.com.mx\/Portal\/wp-content\/uploads\/2025\/09\/descarga-3.webp","amp_enabled":true,"_links":{"self":[{"href":"https:\/\/rnoticias.com.mx\/Portal\/wp-json\/wp\/v2\/posts\/229545","targetHints":{"allow":["GET"]}}],"collection":[{"href":"https:\/\/rnoticias.com.mx\/Portal\/wp-json\/wp\/v2\/posts"}],"about":[{"href":"https:\/\/rnoticias.com.mx\/Portal\/wp-json\/wp\/v2\/types\/post"}],"author":[{"embeddable":true,"href":"https:\/\/rnoticias.com.mx\/Portal\/wp-json\/wp\/v2\/users\/2"}],"replies":[{"embeddable":true,"href":"https:\/\/rnoticias.com.mx\/Portal\/wp-json\/wp\/v2\/comments?post=229545"}],"version-history":[{"count":1,"href":"https:\/\/rnoticias.com.mx\/Portal\/wp-json\/wp\/v2\/posts\/229545\/revisions"}],"predecessor-version":[{"id":229547,"href":"https:\/\/rnoticias.com.mx\/Portal\/wp-json\/wp\/v2\/posts\/229545\/revisions\/229547"}],"wp:featuredmedia":[{"embeddable":true,"href":"https:\/\/rnoticias.com.mx\/Portal\/wp-json\/wp\/v2\/media\/229546"}],"wp:attachment":[{"href":"https:\/\/rnoticias.com.mx\/Portal\/wp-json\/wp\/v2\/media?parent=229545"}],"wp:term":[{"taxonomy":"category","embeddable":true,"href":"https:\/\/rnoticias.com.mx\/Portal\/wp-json\/wp\/v2\/categories?post=229545"},{"taxonomy":"post_tag","embeddable":true,"href":"https:\/\/rnoticias.com.mx\/Portal\/wp-json\/wp\/v2\/tags?post=229545"}],"curies":[{"name":"wp","href":"https:\/\/api.w.org\/{rel}","templated":true}]}}