{"id":229536,"date":"2025-09-16T20:35:47","date_gmt":"2025-09-17T03:35:47","guid":{"rendered":"https:\/\/rnoticias.com.mx\/Portal\/?p=229536"},"modified":"2025-09-16T20:35:47","modified_gmt":"2025-09-17T03:35:47","slug":"real-madrid-niega-acceso-a-su-estadio-a-aficionados-con-banderas-de-palestina","status":"publish","type":"post","link":"https:\/\/rnoticias.com.mx\/Portal\/2025\/09\/16\/real-madrid-niega-acceso-a-su-estadio-a-aficionados-con-banderas-de-palestina\/","title":{"rendered":"Real Madrid niega acceso a su estadio a aficionados con banderas de Palestina"},"content":{"rendered":"<p class=\"nota-justify\"><i>Madrid.\u00a0<\/i>El Real Madrid impidi\u00f3 el acceso al estadio Santiago Bernab\u00e9u a los aficionados que portaban banderas de Palestina, en protesta a los devastadores ataques de Israel a la franja de Gaza, en un endurecimiento de las medidas de seguridad, previo al duelo donde el conjunto merengue se impuso 2-1 ante el Marsella en la Liga de Campeones de Europa.<\/p>\n<p class=\"nota-justify\">Antes de iniciar el encuentro, se observ\u00f3 a trav\u00e9s de videos en redes sociales al personal de seguridad del inmueble decirle a los aficionados, en su mayor\u00eda seguidores del Marsella \u201cla bandera no pasa\u201d al cruzar por los filtros de acceso, por lo que fueron obligados a depositarlas en contenedores. Este endurecimiento de medidas de seguridad se da apenas dos d\u00edas despu\u00e9s que el tramo final de la Vuelta a Espa\u00f1a fuera suspendida, debido a las protestas que piden un alto al \u201cgenocidio en Gaza\u201d.<\/p>\n<p class=\"nota-justify\">La polic\u00eda espa\u00f1ola se enfrent\u00f3 con aficionados del club franc\u00e9s, cuando esperaban para ingresar al estadio. La polic\u00eda antidisturbios y los agentes a caballo utilizaron porras para dispersarlos, debido a que aparentemente intentaron moverse del lugar asignado para ellos mientras esperaban afuera del recinto. La situaci\u00f3n fue controlada r\u00e1pidamente e ingresaron a tiempo para el partido.<\/p>\n<p class=\"nota-justify\">Por el contrario, en San Mam\u00e9s se observaron banderas de Palestina, e incluso una una enorme pancarta con la consigna. \u00a0\u201cEstaremos a tu lado desde hoy hasta el \u00faltimo d\u00eda\u201d durante la derrota del Atl\u00e9tico de Bilbao 2-0 ante el Arsenal.<\/p>\n<p class=\"nota-justify\">Hace unas semanas, la UEFA, organismo rector del futbol europeo, y que organiza este certamen, se pronunci\u00f3 contra la devastaci\u00f3n en Palestina perpetrada por el Estado de Israel, tras a\u00f1os de cr\u00edticas por el silencio que guard\u00f3. Lo hizo al desplegar una manta gigantesca en la final de la Supercopa de Europa , celebrada en el estadio Friuli de \u00dadine, con el mensaje: \u201cDejen de matar ni\u00f1os. Dejen de matar civiles\u201d.<\/p>\n","protected":false},"excerpt":{"rendered":"<p>Madrid.\u00a0El Real Madrid impidi\u00f3 el acceso al estadio Santiago Bernab\u00e9u a los aficionados que portaban banderas de Palestina, en protesta a los devastadores ataques de Israel a la franja de Gaza, en un endurecimiento de las medidas de seguridad, previo al duelo donde el conjunto merengue se impuso 2-1 ante el Marsella en la Liga [&hellip;]<\/p>\n","protected":false},"author":2,"featured_media":229537,"comment_status":"closed","ping_status":"closed","sticky":false,"template":"","format":"standard","meta":{"footnotes":""},"categories":[188,12870],"tags":[5231,12865],"class_list":["post-229536","post","type-post","status-publish","format-standard","has-post-thumbnail","hentry","category-deportes","category-destacadas","tag-deportes","tag-destacadas"],"jetpack_featured_media_url":"https:\/\/rnoticias.com.mx\/Portal\/wp-content\/uploads\/2025\/09\/FRAME-4.jpg","amp_enabled":true,"_links":{"self":[{"href":"https:\/\/rnoticias.com.mx\/Portal\/wp-json\/wp\/v2\/posts\/229536","targetHints":{"allow":["GET"]}}],"collection":[{"href":"https:\/\/rnoticias.com.mx\/Portal\/wp-json\/wp\/v2\/posts"}],"about":[{"href":"https:\/\/rnoticias.com.mx\/Portal\/wp-json\/wp\/v2\/types\/post"}],"author":[{"embeddable":true,"href":"https:\/\/rnoticias.com.mx\/Portal\/wp-json\/wp\/v2\/users\/2"}],"replies":[{"embeddable":true,"href":"https:\/\/rnoticias.com.mx\/Portal\/wp-json\/wp\/v2\/comments?post=229536"}],"version-history":[{"count":1,"href":"https:\/\/rnoticias.com.mx\/Portal\/wp-json\/wp\/v2\/posts\/229536\/revisions"}],"predecessor-version":[{"id":229538,"href":"https:\/\/rnoticias.com.mx\/Portal\/wp-json\/wp\/v2\/posts\/229536\/revisions\/229538"}],"wp:featuredmedia":[{"embeddable":true,"href":"https:\/\/rnoticias.com.mx\/Portal\/wp-json\/wp\/v2\/media\/229537"}],"wp:attachment":[{"href":"https:\/\/rnoticias.com.mx\/Portal\/wp-json\/wp\/v2\/media?parent=229536"}],"wp:term":[{"taxonomy":"category","embeddable":true,"href":"https:\/\/rnoticias.com.mx\/Portal\/wp-json\/wp\/v2\/categories?post=229536"},{"taxonomy":"post_tag","embeddable":true,"href":"https:\/\/rnoticias.com.mx\/Portal\/wp-json\/wp\/v2\/tags?post=229536"}],"curies":[{"name":"wp","href":"https:\/\/api.w.org\/{rel}","templated":true}]}}