{"id":229529,"date":"2025-09-16T16:05:17","date_gmt":"2025-09-16T23:05:17","guid":{"rendered":"https:\/\/rnoticias.com.mx\/Portal\/?p=229529"},"modified":"2025-09-16T16:05:17","modified_gmt":"2025-09-16T23:05:17","slug":"sre-reporta-saldo-blanco-en-festejos-patrios-de-mexicanos-en-eu","status":"publish","type":"post","link":"https:\/\/rnoticias.com.mx\/Portal\/2025\/09\/16\/sre-reporta-saldo-blanco-en-festejos-patrios-de-mexicanos-en-eu\/","title":{"rendered":"SRE reporta saldo blanco en festejos patrios de mexicanos en EU"},"content":{"rendered":"<p>Frente a la advertencia de posibles redadas en diversas ciudades de Estados Unidos durante las celebraciones patrias de la comunidad mexicana, la\u00a0<strong>Secretar\u00eda de Relaciones Exteriores<\/strong>\u00a0(SRE) inform\u00f3 que los festejos se desarrollaron sin incidentes y en un ambiente de orden.<\/p>\n<p>La dependencia, encabezada por el canciller Juan Ram\u00f3n de la Fuente, resalt\u00f3 que las representaciones consulares de M\u00e9xico en territorio estadounidense\u00a0<strong>aplicaron una estrategia preventiva del 13 al 16 de septiembre.\u00a0<\/strong>El objetivo fue reforzar el conocimiento y la pr\u00e1ctica de los derechos y obligaciones de los connacionales que residen en ese pa\u00eds.<\/p>\n<p>Asimismo, se detall\u00f3 que se emitieron recomendaciones espec\u00edficas, al tiempo que se fortaleci\u00f3 la difusi\u00f3n de mensajes de prevenci\u00f3n y el contacto cercano con la comunidad mexicana, como parte de las medidas de protecci\u00f3n consular.<\/p>\n<p>&#8220;Con \u00e9nfasis en la importancia de respetar las leyes locales, evitar conductas que puedan considerarse una violaci\u00f3n al orden p\u00fablico, y conocer las acciones a seguir en caso de una detenci\u00f3n&#8221;, dijo Relaciones Exteriores.<\/p>\n<p>Afirm\u00f3 que\u00a0<strong>la red consular mexicana se mantuvo &#8220;atenta y activa&#8221; con asistencia y protecci\u00f3n ante cualquier situaci\u00f3n que pudiera afectar a la comunidad mexicana.<\/strong><\/p>\n<p>Reafirm\u00f3 su compromiso con la protecci\u00f3n y defensa de las personas mexicanas en el exterior.<\/p>\n","protected":false},"excerpt":{"rendered":"<p>Frente a la advertencia de posibles redadas en diversas ciudades de Estados Unidos durante las celebraciones patrias de la comunidad mexicana, la\u00a0Secretar\u00eda de Relaciones Exteriores\u00a0(SRE) inform\u00f3 que los festejos se desarrollaron sin incidentes y en un ambiente de orden. La dependencia, encabezada por el canciller Juan Ram\u00f3n de la Fuente, resalt\u00f3 que las representaciones consulares [&hellip;]<\/p>\n","protected":false},"author":2,"featured_media":229530,"comment_status":"closed","ping_status":"closed","sticky":false,"template":"","format":"standard","meta":{"footnotes":""},"categories":[12870,182],"tags":[12865,12871],"class_list":["post-229529","post","type-post","status-publish","format-standard","has-post-thumbnail","hentry","category-destacadas","category-internacional","tag-destacadas","tag-internacional"],"jetpack_featured_media_url":"https:\/\/rnoticias.com.mx\/Portal\/wp-content\/uploads\/2025\/09\/68c9da833952f.png","amp_enabled":true,"_links":{"self":[{"href":"https:\/\/rnoticias.com.mx\/Portal\/wp-json\/wp\/v2\/posts\/229529","targetHints":{"allow":["GET"]}}],"collection":[{"href":"https:\/\/rnoticias.com.mx\/Portal\/wp-json\/wp\/v2\/posts"}],"about":[{"href":"https:\/\/rnoticias.com.mx\/Portal\/wp-json\/wp\/v2\/types\/post"}],"author":[{"embeddable":true,"href":"https:\/\/rnoticias.com.mx\/Portal\/wp-json\/wp\/v2\/users\/2"}],"replies":[{"embeddable":true,"href":"https:\/\/rnoticias.com.mx\/Portal\/wp-json\/wp\/v2\/comments?post=229529"}],"version-history":[{"count":1,"href":"https:\/\/rnoticias.com.mx\/Portal\/wp-json\/wp\/v2\/posts\/229529\/revisions"}],"predecessor-version":[{"id":229531,"href":"https:\/\/rnoticias.com.mx\/Portal\/wp-json\/wp\/v2\/posts\/229529\/revisions\/229531"}],"wp:featuredmedia":[{"embeddable":true,"href":"https:\/\/rnoticias.com.mx\/Portal\/wp-json\/wp\/v2\/media\/229530"}],"wp:attachment":[{"href":"https:\/\/rnoticias.com.mx\/Portal\/wp-json\/wp\/v2\/media?parent=229529"}],"wp:term":[{"taxonomy":"category","embeddable":true,"href":"https:\/\/rnoticias.com.mx\/Portal\/wp-json\/wp\/v2\/categories?post=229529"},{"taxonomy":"post_tag","embeddable":true,"href":"https:\/\/rnoticias.com.mx\/Portal\/wp-json\/wp\/v2\/tags?post=229529"}],"curies":[{"name":"wp","href":"https:\/\/api.w.org\/{rel}","templated":true}]}}