{"id":229526,"date":"2025-09-16T16:04:00","date_gmt":"2025-09-16T23:04:00","guid":{"rendered":"https:\/\/rnoticias.com.mx\/Portal\/?p=229526"},"modified":"2025-09-16T16:04:00","modified_gmt":"2025-09-16T23:04:00","slug":"lupillo-rivera-enfrenta-una-perdida-auditiva-casi-total","status":"publish","type":"post","link":"https:\/\/rnoticias.com.mx\/Portal\/2025\/09\/16\/lupillo-rivera-enfrenta-una-perdida-auditiva-casi-total\/","title":{"rendered":"Lupillo Rivera enfrenta una p\u00e9rdida auditiva casi total"},"content":{"rendered":"<p><mark><strong>Lupillo Rivera<\/strong>\u00a0atraviesa un dif\u00edcil problema de salud que ha impactado su rendimiento en el escenario. El cantante, de 53 a\u00f1os, explic\u00f3 que su<strong>\u00a0padecimiento auditivo lo ha afectado tanto que decidi\u00f3 tomarse un verdadero descanso.<\/strong><\/mark><\/p>\n<p>Fue en abril de 2025 que el hermano de la fallecida\u00a0<strong>Jenni Rivera<\/strong>\u00a0se sali\u00f3 del reality &#8220;La Casa de los Famosos All-Stars&#8221; por una &#8220;situaci\u00f3n m\u00e9dica cr\u00edtica&#8221;, sin que en ese momento se revelara con claridad la raz\u00f3n.<\/p>\n<p>Ahora, en una entrevista para el programa &#8220;Despierta Am\u00e9rica&#8221;,\u00a0<strong>Lupillo revela lo mal que la est\u00e1 pasando<\/strong>, y entre l\u00e1grimas detalla como su d\u00eda a d\u00eda se ha visto afectado por esta situaci\u00f3n que lo aleja cada vez m\u00e1s de los escenarios en los que comenz\u00f3 su andar art\u00edstico en 1993, cuando grab\u00f3 su primer disco como solista motivado por su trabajo en la disquera de su padre, Cintas Acuario.<\/p>\n<p>Visiblemente afectado, Lupillo dijo que tiene problemas de salud que el p\u00fablico desconoce, los cuales lamentablemente lo est\u00e1n alejando de lo que m\u00e1s ama hacer, que es cantar.<\/p>\n<p>&#8220;Me han surgido m\u00e1s cosas que la gente no sabe, creo que este momento es muy fuerte para m\u00ed porque me gusta mucho mi trabajo, me gusta mucho el escenario, la adrenalina&#8221;, dijo.<\/p>\n<p>Se sabe que Lupillo ha recibido tratamiento otorrinolaringol\u00f3gico en el o\u00eddo derecho; sin embargo,\u00a0<mark><strong>al parecer su padecimiento es m\u00e1s delicado de lo que se pensaba, pues detall\u00f3 afirma que s\u00f3lo le queda funcional un o\u00eddo y no al ciento por ciento, s\u00f3lo un poco, pues con el otro o\u00eddo ya no escucha nada.\u00a0<\/strong><\/mark><\/p>\n<p><mark><strong>&#8220;No escucho ya las alarmas en la ma\u00f1ana, no escucho cuando me despierta mi equipo para ir a trabajar, la puerta; en el escenario me baso en la vibraci\u00f3n&#8221;, se sincer\u00f3.\u00a0<\/strong><\/mark><\/p>\n<p>Fue claro al decir que no estaba al ciento por ciento, por lo que no pod\u00eda ni deb\u00eda ofrecer un show, pues el p\u00fablico paga un boleto para disfrutar de un artista que est\u00e9 al cien.<\/p>\n<p>&#8220;El p\u00fablico paga por un boleto para ir a ver al artista y el artista debe estar al cien por ciento y yo no estoy al cien por ciento&#8221;, confes\u00f3.<\/p>\n<p>Lupillo explic\u00f3 que, aunque hasta el momento ha podido ofrecer shows de dos horas y media de duraci\u00f3n, termina muy agotado.<\/p>\n<p><mark><strong>&#8220;Estoy batallando mucho, trato de cantar dos horas quince, dos horas y media siempre y hasta la fecha lo he hecho, pero s\u00ed me canso mucho&#8221;.\u00a0<\/strong><\/mark><\/p>\n<p>Lupillo finaliz\u00f3 diciendo que ante este panorama s\u00ed necesita de un &#8220;descanso bien&#8221;; el cantante tiene programados varios conciertos en el mes de septiembre como parte de su gira &#8220;La \u00faltima y nos vamos&#8221;, entre ellos presentaciones en el Estado de M\u00e9xico, Puebla y Texas.<\/p>\n","protected":false},"excerpt":{"rendered":"<p>Lupillo Rivera\u00a0atraviesa un dif\u00edcil problema de salud que ha impactado su rendimiento en el escenario. El cantante, de 53 a\u00f1os, explic\u00f3 que su\u00a0padecimiento auditivo lo ha afectado tanto que decidi\u00f3 tomarse un verdadero descanso. Fue en abril de 2025 que el hermano de la fallecida\u00a0Jenni Rivera\u00a0se sali\u00f3 del reality &#8220;La Casa de los Famosos All-Stars&#8221; [&hellip;]<\/p>\n","protected":false},"author":2,"featured_media":229527,"comment_status":"closed","ping_status":"closed","sticky":false,"template":"","format":"standard","meta":{"footnotes":""},"categories":[12870,219],"tags":[12865,12875],"class_list":["post-229526","post","type-post","status-publish","format-standard","has-post-thumbnail","hentry","category-destacadas","category-espectaculos","tag-destacadas","tag-espectaculos"],"jetpack_featured_media_url":"https:\/\/rnoticias.com.mx\/Portal\/wp-content\/uploads\/2025\/09\/988k.webp","amp_enabled":true,"_links":{"self":[{"href":"https:\/\/rnoticias.com.mx\/Portal\/wp-json\/wp\/v2\/posts\/229526","targetHints":{"allow":["GET"]}}],"collection":[{"href":"https:\/\/rnoticias.com.mx\/Portal\/wp-json\/wp\/v2\/posts"}],"about":[{"href":"https:\/\/rnoticias.com.mx\/Portal\/wp-json\/wp\/v2\/types\/post"}],"author":[{"embeddable":true,"href":"https:\/\/rnoticias.com.mx\/Portal\/wp-json\/wp\/v2\/users\/2"}],"replies":[{"embeddable":true,"href":"https:\/\/rnoticias.com.mx\/Portal\/wp-json\/wp\/v2\/comments?post=229526"}],"version-history":[{"count":1,"href":"https:\/\/rnoticias.com.mx\/Portal\/wp-json\/wp\/v2\/posts\/229526\/revisions"}],"predecessor-version":[{"id":229528,"href":"https:\/\/rnoticias.com.mx\/Portal\/wp-json\/wp\/v2\/posts\/229526\/revisions\/229528"}],"wp:featuredmedia":[{"embeddable":true,"href":"https:\/\/rnoticias.com.mx\/Portal\/wp-json\/wp\/v2\/media\/229527"}],"wp:attachment":[{"href":"https:\/\/rnoticias.com.mx\/Portal\/wp-json\/wp\/v2\/media?parent=229526"}],"wp:term":[{"taxonomy":"category","embeddable":true,"href":"https:\/\/rnoticias.com.mx\/Portal\/wp-json\/wp\/v2\/categories?post=229526"},{"taxonomy":"post_tag","embeddable":true,"href":"https:\/\/rnoticias.com.mx\/Portal\/wp-json\/wp\/v2\/tags?post=229526"}],"curies":[{"name":"wp","href":"https:\/\/api.w.org\/{rel}","templated":true}]}}