{"id":229503,"date":"2025-09-15T16:02:03","date_gmt":"2025-09-15T23:02:03","guid":{"rendered":"https:\/\/rnoticias.com.mx\/Portal\/?p=229503"},"modified":"2025-09-15T16:02:03","modified_gmt":"2025-09-15T23:02:03","slug":"regresa-el-vuelo-hermosillo-phoenix-con-mayor-conectividad-para-sonora","status":"publish","type":"post","link":"https:\/\/rnoticias.com.mx\/Portal\/2025\/09\/15\/regresa-el-vuelo-hermosillo-phoenix-con-mayor-conectividad-para-sonora\/","title":{"rendered":"Regresa el vuelo Hermosillo\u2013Phoenix con mayor conectividad para Sonora"},"content":{"rendered":"<p>Hermosillo, Sonora. A partir de finales de este a\u00f1o se restablecer\u00e1 la ruta a\u00e9rea entre Hermosillo y Phoenix, anunci\u00f3 Roberto Gradillas Pineda, secretario de Econom\u00eda y Turismo estatal.<\/p>\n<p>&nbsp;<\/p>\n<p>El funcionario explic\u00f3 que se contempla un vuelo diario con capacidad para 128 pasajeros, operado por American Airlines en coordinaci\u00f3n con el Aeropuerto Internacional de Phoenix.<\/p>\n<p>&nbsp;<\/p>\n<p>\u201cLa reapertura coincidir\u00e1 con el inicio de la temporada de turismo cineg\u00e9tico, actividad que cada a\u00f1o genera m\u00e1s de 14 mil empleos temporales en distintas regiones de la sierra sonorense\u201d, detall\u00f3.<\/p>\n<p>&nbsp;<\/p>\n<p>Gradillas Pineda subray\u00f3 que la medida fortalecer\u00e1 la conectividad internacional de Sonora y permitir\u00e1 atraer una mayor derrama econ\u00f3mica para sectores relacionados con el turismo y los servicios.<\/p>\n<p>&nbsp;<\/p>\n<p>\u201cLa instrucci\u00f3n del gobernador Alfonso Durazo es seguir ampliando las opciones de conectividad a\u00e9rea, tanto nacionales como internacionales, que impulsen el desarrollo econ\u00f3mico del estado\u201d, enfatiz\u00f3.<\/p>\n<p>&nbsp;<\/p>\n<p>&nbsp;<\/p>\n","protected":false},"excerpt":{"rendered":"<p>Hermosillo, Sonora. A partir de finales de este a\u00f1o se restablecer\u00e1 la ruta a\u00e9rea entre Hermosillo y Phoenix, anunci\u00f3 Roberto Gradillas Pineda, secretario de Econom\u00eda y Turismo estatal. &nbsp; El funcionario explic\u00f3 que se contempla un vuelo diario con capacidad para 128 pasajeros, operado por American Airlines en coordinaci\u00f3n con el Aeropuerto Internacional de Phoenix. [&hellip;]<\/p>\n","protected":false},"author":2,"featured_media":229504,"comment_status":"closed","ping_status":"closed","sticky":false,"template":"","format":"standard","meta":{"footnotes":""},"categories":[12870,178],"tags":[12865,12869],"class_list":["post-229503","post","type-post","status-publish","format-standard","has-post-thumbnail","hentry","category-destacadas","category-local","tag-destacadas","tag-local"],"jetpack_featured_media_url":"https:\/\/rnoticias.com.mx\/Portal\/wp-content\/uploads\/2025\/09\/american-airlinesjpg.webp","amp_enabled":true,"_links":{"self":[{"href":"https:\/\/rnoticias.com.mx\/Portal\/wp-json\/wp\/v2\/posts\/229503","targetHints":{"allow":["GET"]}}],"collection":[{"href":"https:\/\/rnoticias.com.mx\/Portal\/wp-json\/wp\/v2\/posts"}],"about":[{"href":"https:\/\/rnoticias.com.mx\/Portal\/wp-json\/wp\/v2\/types\/post"}],"author":[{"embeddable":true,"href":"https:\/\/rnoticias.com.mx\/Portal\/wp-json\/wp\/v2\/users\/2"}],"replies":[{"embeddable":true,"href":"https:\/\/rnoticias.com.mx\/Portal\/wp-json\/wp\/v2\/comments?post=229503"}],"version-history":[{"count":1,"href":"https:\/\/rnoticias.com.mx\/Portal\/wp-json\/wp\/v2\/posts\/229503\/revisions"}],"predecessor-version":[{"id":229505,"href":"https:\/\/rnoticias.com.mx\/Portal\/wp-json\/wp\/v2\/posts\/229503\/revisions\/229505"}],"wp:featuredmedia":[{"embeddable":true,"href":"https:\/\/rnoticias.com.mx\/Portal\/wp-json\/wp\/v2\/media\/229504"}],"wp:attachment":[{"href":"https:\/\/rnoticias.com.mx\/Portal\/wp-json\/wp\/v2\/media?parent=229503"}],"wp:term":[{"taxonomy":"category","embeddable":true,"href":"https:\/\/rnoticias.com.mx\/Portal\/wp-json\/wp\/v2\/categories?post=229503"},{"taxonomy":"post_tag","embeddable":true,"href":"https:\/\/rnoticias.com.mx\/Portal\/wp-json\/wp\/v2\/tags?post=229503"}],"curies":[{"name":"wp","href":"https:\/\/api.w.org\/{rel}","templated":true}]}}