{"id":229494,"date":"2025-09-15T15:23:13","date_gmt":"2025-09-15T22:23:13","guid":{"rendered":"https:\/\/rnoticias.com.mx\/Portal\/?p=229494"},"modified":"2025-09-15T15:23:13","modified_gmt":"2025-09-15T22:23:13","slug":"preven-inicio-de-semana-con-lluvias-y-descenso-de-temperaturas-en-sonora","status":"publish","type":"post","link":"https:\/\/rnoticias.com.mx\/Portal\/2025\/09\/15\/preven-inicio-de-semana-con-lluvias-y-descenso-de-temperaturas-en-sonora\/","title":{"rendered":"Prev\u00e9n inicio de semana con lluvias y descenso de temperaturas en Sonora"},"content":{"rendered":"<p>Hermosillo, Sonora. El arranque de semana en la entidad estar\u00e1 marcado por la presencia del monz\u00f3n de M\u00e9xico, lo que generar\u00e1 condiciones favorables para lluvias en gran parte del territorio, inform\u00f3 Gilberto Lagarda V\u00e1zquez.<\/p>\n<p>&nbsp;<\/p>\n<p>El especialista t\u00e9cnico de la Comisi\u00f3n Nacional del Agua (Conagua) en Sonora, detall\u00f3, que el pron\u00f3stico establece entre 40 y 60% de probabilidad de precipitaciones en la zona norte, centro, oriente y sur del estado, con acumulados que podr\u00edan variar de ligeros a puntuales fuertes, incluso cercanos o superiores a los 50 mil\u00edmetros.<\/p>\n<p>&nbsp;<\/p>\n<p>\u201cEstas lluvias se esperan principalmente durante los primeros tres d\u00edas de la semana, lo que adem\u00e1s contribuir\u00e1 a disminuir las temperaturas m\u00e1ximas, que oscilar\u00e1n entre los 35 y 40 grados cent\u00edgrados en la regi\u00f3n centro, sur y noroeste de Sonora\u201d, argument\u00f3.<\/p>\n<p>&nbsp;<\/p>\n<p>En cuanto a las temperaturas m\u00ednimas, Lagarda V\u00e1zquez mencion\u00f3 que se mantendr\u00e1n valores alrededor de los 15 grados en la zona norte y oriente, generando un ambiente m\u00e1s fresco que en d\u00edas anteriores.<\/p>\n<p>&nbsp;<\/p>\n<p>&nbsp;<\/p>\n","protected":false},"excerpt":{"rendered":"<p>Hermosillo, Sonora. El arranque de semana en la entidad estar\u00e1 marcado por la presencia del monz\u00f3n de M\u00e9xico, lo que generar\u00e1 condiciones favorables para lluvias en gran parte del territorio, inform\u00f3 Gilberto Lagarda V\u00e1zquez. &nbsp; El especialista t\u00e9cnico de la Comisi\u00f3n Nacional del Agua (Conagua) en Sonora, detall\u00f3, que el pron\u00f3stico establece entre 40 y [&hellip;]<\/p>\n","protected":false},"author":2,"featured_media":229495,"comment_status":"closed","ping_status":"closed","sticky":false,"template":"","format":"standard","meta":{"footnotes":""},"categories":[12870,178],"tags":[12865,12869],"class_list":["post-229494","post","type-post","status-publish","format-standard","has-post-thumbnail","hentry","category-destacadas","category-local","tag-destacadas","tag-local"],"jetpack_featured_media_url":"https:\/\/rnoticias.com.mx\/Portal\/wp-content\/uploads\/2025\/09\/15fa1536-8bfc-4b0b-b5b2-9df513cfa9ab.webp","amp_enabled":true,"_links":{"self":[{"href":"https:\/\/rnoticias.com.mx\/Portal\/wp-json\/wp\/v2\/posts\/229494","targetHints":{"allow":["GET"]}}],"collection":[{"href":"https:\/\/rnoticias.com.mx\/Portal\/wp-json\/wp\/v2\/posts"}],"about":[{"href":"https:\/\/rnoticias.com.mx\/Portal\/wp-json\/wp\/v2\/types\/post"}],"author":[{"embeddable":true,"href":"https:\/\/rnoticias.com.mx\/Portal\/wp-json\/wp\/v2\/users\/2"}],"replies":[{"embeddable":true,"href":"https:\/\/rnoticias.com.mx\/Portal\/wp-json\/wp\/v2\/comments?post=229494"}],"version-history":[{"count":1,"href":"https:\/\/rnoticias.com.mx\/Portal\/wp-json\/wp\/v2\/posts\/229494\/revisions"}],"predecessor-version":[{"id":229496,"href":"https:\/\/rnoticias.com.mx\/Portal\/wp-json\/wp\/v2\/posts\/229494\/revisions\/229496"}],"wp:featuredmedia":[{"embeddable":true,"href":"https:\/\/rnoticias.com.mx\/Portal\/wp-json\/wp\/v2\/media\/229495"}],"wp:attachment":[{"href":"https:\/\/rnoticias.com.mx\/Portal\/wp-json\/wp\/v2\/media?parent=229494"}],"wp:term":[{"taxonomy":"category","embeddable":true,"href":"https:\/\/rnoticias.com.mx\/Portal\/wp-json\/wp\/v2\/categories?post=229494"},{"taxonomy":"post_tag","embeddable":true,"href":"https:\/\/rnoticias.com.mx\/Portal\/wp-json\/wp\/v2\/tags?post=229494"}],"curies":[{"name":"wp","href":"https:\/\/api.w.org\/{rel}","templated":true}]}}