{"id":229491,"date":"2025-09-15T14:42:28","date_gmt":"2025-09-15T21:42:28","guid":{"rendered":"https:\/\/rnoticias.com.mx\/Portal\/?p=229491"},"modified":"2025-09-15T14:42:28","modified_gmt":"2025-09-15T21:42:28","slug":"sancionaran-conductas-ilicitas-por-video-de-natanael-cano-en-el-penal-de-hermosillo","status":"publish","type":"post","link":"https:\/\/rnoticias.com.mx\/Portal\/2025\/09\/15\/sancionaran-conductas-ilicitas-por-video-de-natanael-cano-en-el-penal-de-hermosillo\/","title":{"rendered":"Sancionar\u00e1n conductas il\u00edcitas por video de Natanael Cano en el penal de Hermosillo"},"content":{"rendered":"<p class=\"nota-justify\"><i>Hermosillo, Sonora.\u00a0<\/i>Las autoridades de Sonora analizan un video que circula en redes sociales y en el que aparece el cantante Natanael Cano dentro del Centro de Readaptaci\u00f3n Social (Cereso) n\u00famero 1 de Hermosillo, presuntamente durante una reuni\u00f3n con internos en la que se observan bebidas alcoh\u00f3licas y cigarrillos.<\/p>\n<p class=\"nota-justify\">El fiscal estatal, Gustavo R\u00f3mulo Salas Ch\u00e1vez, confirm\u00f3 que la Secretar\u00eda de Seguridad P\u00fablica ya revisa la grabaci\u00f3n y que, de comprobarse su veracidad, se iniciar\u00e1n las denuncias correspondientes. Subray\u00f3 que se determinar\u00e1n responsabilidades tanto administrativas como legales en caso de identificarse conductas il\u00edcitas o violaciones a la normatividad penitenciaria.<\/p>\n<p class=\"nota-justify\">\u201cLa Secretar\u00eda de Seguridad ya tiene conocimiento y est\u00e1 investigando la informaci\u00f3n. Tengo entendido que van a formular las denuncias correspondientes para que se inicie la investigaci\u00f3n respectiva, y que en todo caso se realicen las sanciones que pudieran surgir por alguna conducta delictiva, con independencia de las acciones de disciplina que realice la propia secretar\u00eda\u201d, se\u00f1al\u00f3 el funcionario tras la sesi\u00f3n diaria de la Mesa Estatal de Seguridad.<\/p>\n<p class=\"nota-justify\">En la grabaci\u00f3n se observa a Cano, originario de Hermosillo y reconocido exponente de los llamados corridos tumbados, interpretando el tema \u201cEl Despapaye\u201d en medio de lo que parece un convivio con personas privadas de la libertad. Usuarios en internet aseguran que el material habr\u00eda sido captado cuando el cantante visit\u00f3 a un amigo interno en el penal; sin embargo, esa versi\u00f3n no ha sido confirmada por la autoridad.<\/p>\n<p class=\"nota-justify\">Cabe recordar que Natanael Rub\u00e9n Cano enfrenta desde 2024 un proceso penal por cohecho, luego de ser detenido en Hermosillo acusado de intentar sobornar a polic\u00edas que lo detuvieron por andar a exceso de velocidad en los principales bulevares de la ciudad.<\/p>\n<p class=\"nota-justify\">El fiscal Salas Ch\u00e1vez puntualiz\u00f3 que una carpeta de investigaci\u00f3n se abrir\u00e1 solo despu\u00e9s de verificar la autenticidad del material difundido. \u201cVamos a corroborar la informaci\u00f3n publicada en ese medio y, una vez iniciada la investigaci\u00f3n, procederemos conforme corresponda\u201d, declar\u00f3.<\/p>\n<p>&nbsp;<\/p>\n<p>&nbsp;<\/p>\n<p>La Jornada<\/p>\n","protected":false},"excerpt":{"rendered":"<p>Hermosillo, Sonora.\u00a0Las autoridades de Sonora analizan un video que circula en redes sociales y en el que aparece el cantante Natanael Cano dentro del Centro de Readaptaci\u00f3n Social (Cereso) n\u00famero 1 de Hermosillo, presuntamente durante una reuni\u00f3n con internos en la que se observan bebidas alcoh\u00f3licas y cigarrillos. El fiscal estatal, Gustavo R\u00f3mulo Salas Ch\u00e1vez, [&hellip;]<\/p>\n","protected":false},"author":2,"featured_media":229492,"comment_status":"closed","ping_status":"closed","sticky":false,"template":"","format":"standard","meta":{"footnotes":""},"categories":[12870,172],"tags":[12865,12874],"class_list":["post-229491","post","type-post","status-publish","format-standard","has-post-thumbnail","hentry","category-destacadas","category-nacional","tag-destacadas","tag-nacional"],"jetpack_featured_media_url":"https:\/\/rnoticias.com.mx\/Portal\/wp-content\/uploads\/2025\/09\/natanael-cano-094509.jpg","amp_enabled":true,"_links":{"self":[{"href":"https:\/\/rnoticias.com.mx\/Portal\/wp-json\/wp\/v2\/posts\/229491","targetHints":{"allow":["GET"]}}],"collection":[{"href":"https:\/\/rnoticias.com.mx\/Portal\/wp-json\/wp\/v2\/posts"}],"about":[{"href":"https:\/\/rnoticias.com.mx\/Portal\/wp-json\/wp\/v2\/types\/post"}],"author":[{"embeddable":true,"href":"https:\/\/rnoticias.com.mx\/Portal\/wp-json\/wp\/v2\/users\/2"}],"replies":[{"embeddable":true,"href":"https:\/\/rnoticias.com.mx\/Portal\/wp-json\/wp\/v2\/comments?post=229491"}],"version-history":[{"count":1,"href":"https:\/\/rnoticias.com.mx\/Portal\/wp-json\/wp\/v2\/posts\/229491\/revisions"}],"predecessor-version":[{"id":229493,"href":"https:\/\/rnoticias.com.mx\/Portal\/wp-json\/wp\/v2\/posts\/229491\/revisions\/229493"}],"wp:featuredmedia":[{"embeddable":true,"href":"https:\/\/rnoticias.com.mx\/Portal\/wp-json\/wp\/v2\/media\/229492"}],"wp:attachment":[{"href":"https:\/\/rnoticias.com.mx\/Portal\/wp-json\/wp\/v2\/media?parent=229491"}],"wp:term":[{"taxonomy":"category","embeddable":true,"href":"https:\/\/rnoticias.com.mx\/Portal\/wp-json\/wp\/v2\/categories?post=229491"},{"taxonomy":"post_tag","embeddable":true,"href":"https:\/\/rnoticias.com.mx\/Portal\/wp-json\/wp\/v2\/tags?post=229491"}],"curies":[{"name":"wp","href":"https:\/\/api.w.org\/{rel}","templated":true}]}}