{"id":229488,"date":"2025-09-15T14:39:24","date_gmt":"2025-09-15T21:39:24","guid":{"rendered":"https:\/\/rnoticias.com.mx\/Portal\/?p=229488"},"modified":"2025-09-15T14:39:24","modified_gmt":"2025-09-15T21:39:24","slug":"gobierno-de-sonora-celebra-el-mes-patrio-con-cultura-y-arte-en-bosque-urbano-la-sauceda","status":"publish","type":"post","link":"https:\/\/rnoticias.com.mx\/Portal\/2025\/09\/15\/gobierno-de-sonora-celebra-el-mes-patrio-con-cultura-y-arte-en-bosque-urbano-la-sauceda\/","title":{"rendered":"Gobierno de Sonora celebra el mes patrio con cultura y arte en Bosque Urbano La Sauceda"},"content":{"rendered":"<p>Hermosillo, Sonora; 15 de septiembre de 2025.\u2013 El Gobierno de Sonora, a trav\u00e9s del Bosque Urbano La Sauceda, llev\u00f3 a cabo un fin de semana lleno de actividades culturales, educativas y ambientales que reunieron a familias, ni\u00f1as, ni\u00f1os y j\u00f3venes en un espacio de convivencia y aprendizaje.<\/p>\n<p>Las jornadas iniciaron el viernes 12 de septiembre con el Taller de Danza A\u00e9rea para adultos, donde los asistentes exploraron nuevas habilidades f\u00edsicas a trav\u00e9s de la acrobacia a\u00e9rea, adem\u00e1s de la charla Econversando sobre \u201cBiciclando\u201d, un proyecto de recolecci\u00f3n de residuos liderado por mujeres, donde se pedalea por un mundo m\u00e1s limpio y justo.<\/p>\n<p>El s\u00e1bado 13 de septiembre se realizaron labores de mantenimiento de riego para las plantas, reforzando el compromiso ambiental del bosque urbano. Ese mismo d\u00eda, ni\u00f1as y ni\u00f1os participaron en el Taller de Danza A\u00e9rea Infantil, que foment\u00f3 la creatividad y el movimiento a trav\u00e9s de t\u00e9cnicas esc\u00e9nicas adaptadas a su edad.<\/p>\n<p>Tambi\u00e9n el s\u00e1bado, en el foro al aire libre, se llev\u00f3 a cabo el evento \u201cRumbo a Colombia con Palabra Sonora\u201d, un recorrido narrativo que comparti\u00f3 leyendas y relatos tradicionales para p\u00fablico infantil y adulto.<\/p>\n<p>La creatividad infantil brill\u00f3 en la actividad Peque\u00f1os Guardabosques: Pintando Cactus Patrios, donde las y los participantes aprendieron sobre la importancia del reciclaje y elaboraron coloridas piezas art\u00edsticas con materiales reutilizados.<\/p>\n<p>En el marco del D\u00eda de la Mujer Ind\u00edgena, se realiz\u00f3 una venta de artesan\u00edas locales, reconociendo el talento y saberes de mujeres creadoras que mantienen vivas sus tradiciones y fortalecen la econom\u00eda comunitaria.<\/p>\n<p>El domingo 14 de septiembre se realiz\u00f3 una jornada de limpieza con retiro de maleza, poda y mantenimiento de los \u00e1rboles plantados, asegurando el buen desarrollo de las especies nativas reforestadas. M\u00e1s tarde, La Sauceda celebr\u00f3 las fiestas patrias con un Domingo Chill Fiesta Mexicana, lleno de m\u00fasica y tradici\u00f3n con danza folcl\u00f3rica, son jarocho y mariachi en vivo, que reuni\u00f3 a familias enteras en un ambiente de alegr\u00eda y convivencia.<\/p>\n<p>Con estas actividades, el Gobierno de Sonora reafirma su compromiso con el cuidado del medio ambiente y la creaci\u00f3n de espacios p\u00fablicos que promuevan la cultura, el arte y la participaci\u00f3n ciudadana.<\/p>\n","protected":false},"excerpt":{"rendered":"<p>Hermosillo, Sonora; 15 de septiembre de 2025.\u2013 El Gobierno de Sonora, a trav\u00e9s del Bosque Urbano La Sauceda, llev\u00f3 a cabo un fin de semana lleno de actividades culturales, educativas y ambientales que reunieron a familias, ni\u00f1as, ni\u00f1os y j\u00f3venes en un espacio de convivencia y aprendizaje. Las jornadas iniciaron el viernes 12 de septiembre [&hellip;]<\/p>\n","protected":false},"author":2,"featured_media":229489,"comment_status":"closed","ping_status":"closed","sticky":false,"template":"","format":"standard","meta":{"footnotes":""},"categories":[12870,178],"tags":[12865,12869],"class_list":["post-229488","post","type-post","status-publish","format-standard","has-post-thumbnail","hentry","category-destacadas","category-local","tag-destacadas","tag-local"],"jetpack_featured_media_url":"https:\/\/rnoticias.com.mx\/Portal\/wp-content\/uploads\/2025\/09\/6.jpg","amp_enabled":true,"_links":{"self":[{"href":"https:\/\/rnoticias.com.mx\/Portal\/wp-json\/wp\/v2\/posts\/229488","targetHints":{"allow":["GET"]}}],"collection":[{"href":"https:\/\/rnoticias.com.mx\/Portal\/wp-json\/wp\/v2\/posts"}],"about":[{"href":"https:\/\/rnoticias.com.mx\/Portal\/wp-json\/wp\/v2\/types\/post"}],"author":[{"embeddable":true,"href":"https:\/\/rnoticias.com.mx\/Portal\/wp-json\/wp\/v2\/users\/2"}],"replies":[{"embeddable":true,"href":"https:\/\/rnoticias.com.mx\/Portal\/wp-json\/wp\/v2\/comments?post=229488"}],"version-history":[{"count":1,"href":"https:\/\/rnoticias.com.mx\/Portal\/wp-json\/wp\/v2\/posts\/229488\/revisions"}],"predecessor-version":[{"id":229490,"href":"https:\/\/rnoticias.com.mx\/Portal\/wp-json\/wp\/v2\/posts\/229488\/revisions\/229490"}],"wp:featuredmedia":[{"embeddable":true,"href":"https:\/\/rnoticias.com.mx\/Portal\/wp-json\/wp\/v2\/media\/229489"}],"wp:attachment":[{"href":"https:\/\/rnoticias.com.mx\/Portal\/wp-json\/wp\/v2\/media?parent=229488"}],"wp:term":[{"taxonomy":"category","embeddable":true,"href":"https:\/\/rnoticias.com.mx\/Portal\/wp-json\/wp\/v2\/categories?post=229488"},{"taxonomy":"post_tag","embeddable":true,"href":"https:\/\/rnoticias.com.mx\/Portal\/wp-json\/wp\/v2\/tags?post=229488"}],"curies":[{"name":"wp","href":"https:\/\/api.w.org\/{rel}","templated":true}]}}