{"id":229485,"date":"2025-09-15T13:25:15","date_gmt":"2025-09-15T20:25:15","guid":{"rendered":"https:\/\/rnoticias.com.mx\/Portal\/?p=229485"},"modified":"2025-09-15T13:25:15","modified_gmt":"2025-09-15T20:25:15","slug":"paises-bajos-e-irlanda-amenazan-con-boicotear-eurovision-si-participa-israel","status":"publish","type":"post","link":"https:\/\/rnoticias.com.mx\/Portal\/2025\/09\/15\/paises-bajos-e-irlanda-amenazan-con-boicotear-eurovision-si-participa-israel\/","title":{"rendered":"Pa\u00edses Bajos e Irlanda amenazan con boicotear Eurovisi\u00f3n si participa Israel"},"content":{"rendered":"<p class=\"nota-justify\"><i>Londres.<\/i>\u00a0Pa\u00edses Bajos se sum\u00f3 ayer a una lista de pa\u00edses que presionan a los organizadores del Festival de la Canci\u00f3n de Eurovisi\u00f3n para que excluyan a Israel del concurso debido a su guerra en la franja de Gaza.<\/p>\n<p class=\"nota-justify\">La emisora holandesa Avrotros, una de las decenas de emisoras p\u00fablicas que financian y transmiten colectivamente el concurso, dijo que no participar\u00eda en la competencia del pr\u00f3ximo a\u00f1o en Viena si Israel participa \u201cdado el sufrimiento humano continuo y severo en Gaza\u201d.<\/p>\n<p class=\"nota-justify\">\u201cLa emisora tambi\u00e9n expresa profunda preocupaci\u00f3n por la grave erosi\u00f3n de la libertad de prensa: la exclusi\u00f3n deliberada de reportajes internacionales independientes y las numerosas bajas entre periodistas\u201d, mencion\u00f3.<\/p>\n<p class=\"nota-justify\">La emisora irlandesa RTE public\u00f3 un comunicado similar el pasado jueves, siguiendo un camino ya tomado por Eslovenia. Islandia declar\u00f3 que no participar\u00e1 en el concurso de 2026 si se permite la entrada de Israel, argumentando que hacerlo ser\u00eda \u201cinconcebible\u201d debido al conflicto en Gaza.<\/p>\n<p class=\"nota-justify\">La Uni\u00f3n Europea de Radiodifusi\u00f3n (UER), que organiza el concurso, indic\u00f3 que estaba consultando a sus miembros sobre c\u00f3mo \u201cgestionar la participaci\u00f3n y las tensiones geopol\u00edticas\u201d en torno al concurso y les dar\u00eda hasta mediados de diciembre para decidir si quieren participar.<\/p>\n<p class=\"nota-justify\">\u201cEntendemos las preocupaciones y las opiniones profundamente arraigadas sobre el conflicto en curso en el Oriente Medio\u201d, expuso Martin Green, director de Eurovisi\u00f3n. \u201cDepende de cada miembro decidir si quieren participar en el concurso y respetar\u00edamos cualquier decisi\u00f3n que tomen las emisoras\u201d.<\/p>\n<p class=\"nota-justify\">La amenaza de boicot es parte de una campa\u00f1a de presi\u00f3n por parte de organizaciones art\u00edsticas y figuras para aislar a Israel y presionar por la paz.<\/p>\n<p class=\"nota-justify\">Las anteriores ediciones de Eurovisi\u00f3n se han visto opacadas por la oposici\u00f3n a la participaci\u00f3n de Israel por su continuo asalto militar a Gaza, que ha acabado con la vida de m\u00e1s de 64 mil personas, seg\u00fan las autoridades sanitarias locales.<\/p>\n<p class=\"nota-justify\">Israel lleva mucho tiempo participando en Eurovisi\u00f3n como miembro de la UER, que organiza y coproduce el certamen anual.<\/p>\n<p class=\"nota-justify\">La emisora irlandesa declar\u00f3 que varios miembros de la UER hab\u00edan expresado su preocupaci\u00f3n por la participaci\u00f3n de Israel durante una reuni\u00f3n celebrada en julio.<\/p>\n<p class=\"nota-justify\">\u201cLa RTE considera que la participaci\u00f3n de Israel ser\u00eda inconcebible, dada la atroz p\u00e9rdida de vidas que se est\u00e1 produciendo en Gaza\u201d, declar\u00f3 en un comunicado. Asimismo, indic\u00f3 que comprende las \u201cpreocupaciones y opiniones profundamente arraigadas en torno al actual conflicto en Oriente Medio\u201d.<\/p>\n<p class=\"nota-justify\"><strong>Tensiones geopol\u00edticas<\/strong><\/p>\n<p class=\"nota-justify\">\u201cTodav\u00eda estamos consultando con todos los miembros de la UER para recabar opiniones sobre c\u00f3mo gestionar la participaci\u00f3n y las tensiones geopol\u00edticas en torno al Festival de Eurovisi\u00f3n\u201d, se\u00f1al\u00f3 el director Martin Green.<\/p>\n<p class=\"nota-justify\">\u201cLos organismos de radiodifusi\u00f3n tienen hasta mediados de diciembre para confirmar si desean participar en el evento del pr\u00f3ximo a\u00f1o en Viena. Corresponde a cada miembro decidir si quiere participar en el concurso y nosotros respetaremos cualquier decisi\u00f3n que tomen las emisoras\u201d, a\u00f1adi\u00f3.<\/p>\n<p class=\"nota-justify\">La decisi\u00f3n final sobre la participaci\u00f3n de Irlanda en la competici\u00f3n de 2026 se tomar\u00e1 una vez que la UER tome su propia decisi\u00f3n sobre Israel, declar\u00f3 RTE. Irlanda ha participado en la competici\u00f3n desde 1965 y ha ganado siete veces, un r\u00e9cord de victorias s\u00f3lo igualado por Suecia.<\/p>\n<p class=\"nota-justify\">A principios de esta semana, estrellas de Hollywood, incluidas Emma Stone, Ayo Edebiri, Ava DuVernay, Olivia Colman, Yorgos Lanthimos, Riz Ahmed, Rob Delaney, Javier Bardem y Tilda Swinton, se unieron a otros 3 mil miembros de la industria para firmar un compromiso de boicotear las instituciones cinematogr\u00e1ficas israel\u00edes, incluidos festivales, emisoras y compa\u00f1\u00edas de producci\u00f3n, que est\u00e1n \u201cimplicadas en genocidio y\u00a0<i>apartheid<\/i>\u00a0contra el pueblo palestino\u201d, seg\u00fan el grupo Trabajadores del Cine por Palestina.<\/p>\n<p class=\"nota-justify\">Rusia fue excluida de Eurovisi\u00f3n despu\u00e9s de su invasi\u00f3n a gran escala de Ucrania en 2022, pero Israel ha continuado compitiendo los pasados dos a\u00f1os a pesar de las disputas sobre su participaci\u00f3n.<\/p>\n<p class=\"nota-justify\">Docenas de ex participantes, incluido el ganador de 2024 Nemo de Suiza, han pedido que Israel sea excluido por su conducta en la guerra contra Hamas en Gaza. Se llevaron a cabo protestas pro palestinas y pro israel\u00edes alrededor del concurso de este a\u00f1o en Basilea, Suiza, aunque en una escala mucho menor que el evento de 2024 en Suecia.<\/p>\n<p class=\"nota-justify\">Con la pol\u00edtica de la guerra proyectando una sombra sobre el concurso, el cantante israel\u00ed Yuval Raphael termin\u00f3 segundo este a\u00f1o detr\u00e1s de JJ de Austria en la exuberante celebraci\u00f3n de la m\u00fasica pop.<\/p>\n<p class=\"nota-justify\">La emisora holandesa dijo que continuar\u00e1 prepar\u00e1ndose para el concurso hasta que reciba una decisi\u00f3n de los organizadores sobre si incluir\u00e1n a Israel.<\/p>\n<p class=\"nota-justify\">La final de Eurovisi\u00f3n est\u00e1 programada para el 16 de mayo despu\u00e9s de las semifinales el 12 y 14 de mayo de 2026.<\/p>\n","protected":false},"excerpt":{"rendered":"<p>Londres.\u00a0Pa\u00edses Bajos se sum\u00f3 ayer a una lista de pa\u00edses que presionan a los organizadores del Festival de la Canci\u00f3n de Eurovisi\u00f3n para que excluyan a Israel del concurso debido a su guerra en la franja de Gaza. La emisora holandesa Avrotros, una de las decenas de emisoras p\u00fablicas que financian y transmiten colectivamente el [&hellip;]<\/p>\n","protected":false},"author":2,"featured_media":229486,"comment_status":"closed","ping_status":"closed","sticky":false,"template":"","format":"standard","meta":{"footnotes":""},"categories":[12870,219],"tags":[12865,12875],"class_list":["post-229485","post","type-post","status-publish","format-standard","has-post-thumbnail","hentry","category-destacadas","category-espectaculos","tag-destacadas","tag-espectaculos"],"jetpack_featured_media_url":"https:\/\/rnoticias.com.mx\/Portal\/wp-content\/uploads\/2025\/09\/1366_2000.jpeg","amp_enabled":true,"_links":{"self":[{"href":"https:\/\/rnoticias.com.mx\/Portal\/wp-json\/wp\/v2\/posts\/229485","targetHints":{"allow":["GET"]}}],"collection":[{"href":"https:\/\/rnoticias.com.mx\/Portal\/wp-json\/wp\/v2\/posts"}],"about":[{"href":"https:\/\/rnoticias.com.mx\/Portal\/wp-json\/wp\/v2\/types\/post"}],"author":[{"embeddable":true,"href":"https:\/\/rnoticias.com.mx\/Portal\/wp-json\/wp\/v2\/users\/2"}],"replies":[{"embeddable":true,"href":"https:\/\/rnoticias.com.mx\/Portal\/wp-json\/wp\/v2\/comments?post=229485"}],"version-history":[{"count":1,"href":"https:\/\/rnoticias.com.mx\/Portal\/wp-json\/wp\/v2\/posts\/229485\/revisions"}],"predecessor-version":[{"id":229487,"href":"https:\/\/rnoticias.com.mx\/Portal\/wp-json\/wp\/v2\/posts\/229485\/revisions\/229487"}],"wp:featuredmedia":[{"embeddable":true,"href":"https:\/\/rnoticias.com.mx\/Portal\/wp-json\/wp\/v2\/media\/229486"}],"wp:attachment":[{"href":"https:\/\/rnoticias.com.mx\/Portal\/wp-json\/wp\/v2\/media?parent=229485"}],"wp:term":[{"taxonomy":"category","embeddable":true,"href":"https:\/\/rnoticias.com.mx\/Portal\/wp-json\/wp\/v2\/categories?post=229485"},{"taxonomy":"post_tag","embeddable":true,"href":"https:\/\/rnoticias.com.mx\/Portal\/wp-json\/wp\/v2\/tags?post=229485"}],"curies":[{"name":"wp","href":"https:\/\/api.w.org\/{rel}","templated":true}]}}