{"id":229482,"date":"2025-09-15T13:23:55","date_gmt":"2025-09-15T20:23:55","guid":{"rendered":"https:\/\/rnoticias.com.mx\/Portal\/?p=229482"},"modified":"2025-09-15T13:23:55","modified_gmt":"2025-09-15T20:23:55","slug":"iniciara-gobierno-de-sonora-campana-de-vacunacion-contra-el-virus-del-papiloma-humano-vph-2025","status":"publish","type":"post","link":"https:\/\/rnoticias.com.mx\/Portal\/2025\/09\/15\/iniciara-gobierno-de-sonora-campana-de-vacunacion-contra-el-virus-del-papiloma-humano-vph-2025\/","title":{"rendered":"Iniciar\u00e1 Gobierno de Sonora Campa\u00f1a de Vacunaci\u00f3n contra el Virus del Papiloma Humano (VPH) 2025"},"content":{"rendered":"<p>Hermosillo, Sonora; 15 de septiembre de 2025.- El Gobierno de Sonora, a trav\u00e9s de la Secretar\u00eda de Salud P\u00fablica (SSP), informa a la poblaci\u00f3n sobre el inicio de la Campa\u00f1a de Vacunaci\u00f3n contra el Virus del Papiloma Humano (VPH) 2025, que se llevar\u00e1 a cabo del 17 de septiembre al 19 de diciembre del presente a\u00f1o en los 72 municipios del estado.<\/p>\n<p>Esta estrategia interinstitucional tiene como objetivo reducir la incidencia de infecciones por VPH, mediante la aplicaci\u00f3n oportuna de la vacuna a ni\u00f1as y ni\u00f1os que cursan el quinto grado de primaria o que tienen 11 a\u00f1os de edad y no est\u00e1n escolarizados.<\/p>\n<p>La campa\u00f1a contar\u00e1 con la participaci\u00f3n activa de las instituciones del Sector Salud: Secretar\u00eda de Salud P\u00fablica, IMSS Ordinario, IMSS-Bienestar, Issste, Isssteson, Sedena y SEMAR, en coordinaci\u00f3n con la Secretar\u00eda de Educaci\u00f3n y Cultura y la Asociaci\u00f3n de Padres de Familia. A trav\u00e9s de brigadas m\u00f3viles se visitar\u00e1n mil 545 escuelas primarias para garantizar el acceso a la vacuna, priorizando la protecci\u00f3n de la salud infantil y adolescente en la entidad.<\/p>\n<p>La vacuna que se aplicar\u00e1 es la VPH Nonavalente, en dosis \u00fanica de 0.5 ml, administrada por v\u00eda intramuscular en la regi\u00f3n deltoidea del brazo no dominante. Se tiene como meta aplicar 48 mil 916 dosis a la poblaci\u00f3n objetivo. Esta vacuna protege contra nueve serotipos del virus (6, 11, 16, 18, 31, 33, 45, 52 y 58) y est\u00e1 alineada con las recomendaciones de la Organizaci\u00f3n Mundial de la Salud (OMS) y el Grupo T\u00e9cnico Asesor en Vacunaci\u00f3n (GTAV-PVU).<\/p>\n<p>Adem\u00e1s de la poblaci\u00f3n objetivo, se contempla la vacunaci\u00f3n de personas en situaci\u00f3n de mayor vulnerabilidad, como mujeres y hombres cisg\u00e9nero y transg\u00e9nero de 11 a 49 a\u00f1os que viven con VIH, quienes recibir\u00e1n tres dosis (0, 2 y 6 meses); as\u00ed como mujeres de 9 a 19 a\u00f1os atendidas dentro de protocolos por violencia sexual, quienes recibir\u00e1n una dosis. Tambi\u00e9n se incluir\u00e1 a adolescentes de 12 a 16 a\u00f1os que no hayan recibido previamente ninguna dosis de la vacuna contra el VPH.<\/p>\n<p>Para que padres, madres o tutores puedan autorizar la aplicaci\u00f3n de la vacuna, es indispensable presentar el formato de consentimiento informado, debidamente llenado y firmado, junto con la CURP del menor. Asimismo, se deber\u00e1 presentar la Cartilla Nacional de Salud del grupo de 10 a 19 a\u00f1os; en caso de no contar con ella, se entregar\u00e1 un comprobante de vacunaci\u00f3n correspondiente.<\/p>\n<p>La infecci\u00f3n por VPH es considerada la infecci\u00f3n de transmisi\u00f3n sexual m\u00e1s com\u00fan en el mundo y puede causar c\u00e1ncer cervicouterino y otras enfermedades. Su prevenci\u00f3n, mediante la vacunaci\u00f3n temprana, representa una herramienta fundamental para la protecci\u00f3n de la salud p\u00fablica.<\/p>\n<p>La dependencia estatal reitera su compromiso con el bienestar de la poblaci\u00f3n e invita a las familias sonorenses a participar activamente en esta campa\u00f1a. \u00a1Vac\u00fanate contra el VPH y protege tu futuro!<\/p>\n","protected":false},"excerpt":{"rendered":"<p>Hermosillo, Sonora; 15 de septiembre de 2025.- El Gobierno de Sonora, a trav\u00e9s de la Secretar\u00eda de Salud P\u00fablica (SSP), informa a la poblaci\u00f3n sobre el inicio de la Campa\u00f1a de Vacunaci\u00f3n contra el Virus del Papiloma Humano (VPH) 2025, que se llevar\u00e1 a cabo del 17 de septiembre al 19 de diciembre del presente [&hellip;]<\/p>\n","protected":false},"author":2,"featured_media":229483,"comment_status":"closed","ping_status":"closed","sticky":false,"template":"","format":"standard","meta":{"footnotes":""},"categories":[12870,178],"tags":[12865,12869],"class_list":["post-229482","post","type-post","status-publish","format-standard","has-post-thumbnail","hentry","category-destacadas","category-local","tag-destacadas","tag-local"],"jetpack_featured_media_url":"https:\/\/rnoticias.com.mx\/Portal\/wp-content\/uploads\/2025\/09\/2d.jpg","amp_enabled":true,"_links":{"self":[{"href":"https:\/\/rnoticias.com.mx\/Portal\/wp-json\/wp\/v2\/posts\/229482","targetHints":{"allow":["GET"]}}],"collection":[{"href":"https:\/\/rnoticias.com.mx\/Portal\/wp-json\/wp\/v2\/posts"}],"about":[{"href":"https:\/\/rnoticias.com.mx\/Portal\/wp-json\/wp\/v2\/types\/post"}],"author":[{"embeddable":true,"href":"https:\/\/rnoticias.com.mx\/Portal\/wp-json\/wp\/v2\/users\/2"}],"replies":[{"embeddable":true,"href":"https:\/\/rnoticias.com.mx\/Portal\/wp-json\/wp\/v2\/comments?post=229482"}],"version-history":[{"count":1,"href":"https:\/\/rnoticias.com.mx\/Portal\/wp-json\/wp\/v2\/posts\/229482\/revisions"}],"predecessor-version":[{"id":229484,"href":"https:\/\/rnoticias.com.mx\/Portal\/wp-json\/wp\/v2\/posts\/229482\/revisions\/229484"}],"wp:featuredmedia":[{"embeddable":true,"href":"https:\/\/rnoticias.com.mx\/Portal\/wp-json\/wp\/v2\/media\/229483"}],"wp:attachment":[{"href":"https:\/\/rnoticias.com.mx\/Portal\/wp-json\/wp\/v2\/media?parent=229482"}],"wp:term":[{"taxonomy":"category","embeddable":true,"href":"https:\/\/rnoticias.com.mx\/Portal\/wp-json\/wp\/v2\/categories?post=229482"},{"taxonomy":"post_tag","embeddable":true,"href":"https:\/\/rnoticias.com.mx\/Portal\/wp-json\/wp\/v2\/tags?post=229482"}],"curies":[{"name":"wp","href":"https:\/\/api.w.org\/{rel}","templated":true}]}}