{"id":229476,"date":"2025-09-15T13:18:24","date_gmt":"2025-09-15T20:18:24","guid":{"rendered":"https:\/\/rnoticias.com.mx\/Portal\/?p=229476"},"modified":"2025-09-15T13:18:24","modified_gmt":"2025-09-15T20:18:24","slug":"invita-ihj-a-taller-gratuito-de-lengua-de-senas-mexicanas","status":"publish","type":"post","link":"https:\/\/rnoticias.com.mx\/Portal\/2025\/09\/15\/invita-ihj-a-taller-gratuito-de-lengua-de-senas-mexicanas\/","title":{"rendered":"Invita IHJ a taller gratuito de Lengua de Se\u00f1as Mexicanas"},"content":{"rendered":"<p><b data-olk-copy-source=\"MessageBody\">Hermosillo, Sonora; 15 de septiembre de 2025.-<\/b>Con el objetivo de fomentar la inclusi\u00f3n y brindar a las juventudes nuevas herramientas de comunicaci\u00f3n, el Instituto Hermosillense de la Juventud (IHJ) invita a participar en el Taller de Lengua de Se\u00f1as Mexicanas, que se llevar\u00e1 a cabo del 22 al 26 de septiembre.<\/p>\n<p aria-hidden=\"true\">\n<p>El curso est\u00e1 dirigido a j\u00f3venes de entre 12 y 29 a\u00f1os, quienes durante cinco d\u00edas podr\u00e1n adquirir conocimientos b\u00e1sicos que les permitir\u00e1n integrarse y comunicarse de manera m\u00e1s inclusiva en distintos entornos.<\/p>\n<p aria-hidden=\"true\">\n<p>El taller se impartir\u00e1 de 17:00 a 19:00 horas y es gratuito, aunque con cupo limitado, por lo que se invita a las y los interesados a realizar su registro a trav\u00e9s del c\u00f3digo QR disponible en la convocatoria oficial.<\/p>\n<p aria-hidden=\"true\">\n<p>La actividad que se llevar\u00e1 a cabo en la Escuela Secundaria Estatal #33 \u201cProfesor Ren\u00e9 J. Arvizu Durazo\u201d, que est\u00e1 ubicada en la calle \u00c1ngel Garc\u00eda Aburto, en la colonia Choyal.<\/p>\n<p aria-hidden=\"true\">\n<p>Con esta iniciativa, el Ayuntamiento de Hermosillo, a trav\u00e9s del Instituto Hermosillense de la Juventud, refrenda su compromiso de generar espacios que impulsen el desarrollo integral de las y los j\u00f3venes de la ciudad, al tiempo que promueve la empat\u00eda y la inclusi\u00f3n.<\/p>\n","protected":false},"excerpt":{"rendered":"<p>Hermosillo, Sonora; 15 de septiembre de 2025.-Con el objetivo de fomentar la inclusi\u00f3n y brindar a las juventudes nuevas herramientas de comunicaci\u00f3n, el Instituto Hermosillense de la Juventud (IHJ) invita a participar en el Taller de Lengua de Se\u00f1as Mexicanas, que se llevar\u00e1 a cabo del 22 al 26 de septiembre. El curso est\u00e1 dirigido [&hellip;]<\/p>\n","protected":false},"author":2,"featured_media":229477,"comment_status":"closed","ping_status":"closed","sticky":false,"template":"","format":"standard","meta":{"footnotes":""},"categories":[12870,178],"tags":[12865,12869],"class_list":["post-229476","post","type-post","status-publish","format-standard","has-post-thumbnail","hentry","category-destacadas","category-local","tag-destacadas","tag-local"],"jetpack_featured_media_url":"https:\/\/rnoticias.com.mx\/Portal\/wp-content\/uploads\/2025\/09\/78j.jpeg","amp_enabled":true,"_links":{"self":[{"href":"https:\/\/rnoticias.com.mx\/Portal\/wp-json\/wp\/v2\/posts\/229476","targetHints":{"allow":["GET"]}}],"collection":[{"href":"https:\/\/rnoticias.com.mx\/Portal\/wp-json\/wp\/v2\/posts"}],"about":[{"href":"https:\/\/rnoticias.com.mx\/Portal\/wp-json\/wp\/v2\/types\/post"}],"author":[{"embeddable":true,"href":"https:\/\/rnoticias.com.mx\/Portal\/wp-json\/wp\/v2\/users\/2"}],"replies":[{"embeddable":true,"href":"https:\/\/rnoticias.com.mx\/Portal\/wp-json\/wp\/v2\/comments?post=229476"}],"version-history":[{"count":1,"href":"https:\/\/rnoticias.com.mx\/Portal\/wp-json\/wp\/v2\/posts\/229476\/revisions"}],"predecessor-version":[{"id":229478,"href":"https:\/\/rnoticias.com.mx\/Portal\/wp-json\/wp\/v2\/posts\/229476\/revisions\/229478"}],"wp:featuredmedia":[{"embeddable":true,"href":"https:\/\/rnoticias.com.mx\/Portal\/wp-json\/wp\/v2\/media\/229477"}],"wp:attachment":[{"href":"https:\/\/rnoticias.com.mx\/Portal\/wp-json\/wp\/v2\/media?parent=229476"}],"wp:term":[{"taxonomy":"category","embeddable":true,"href":"https:\/\/rnoticias.com.mx\/Portal\/wp-json\/wp\/v2\/categories?post=229476"},{"taxonomy":"post_tag","embeddable":true,"href":"https:\/\/rnoticias.com.mx\/Portal\/wp-json\/wp\/v2\/tags?post=229476"}],"curies":[{"name":"wp","href":"https:\/\/api.w.org\/{rel}","templated":true}]}}