{"id":229473,"date":"2025-09-15T13:14:25","date_gmt":"2025-09-15T20:14:25","guid":{"rendered":"https:\/\/rnoticias.com.mx\/Portal\/?p=229473"},"modified":"2025-09-15T13:14:25","modified_gmt":"2025-09-15T20:14:25","slug":"realizan-estudiantes-de-la-unison-estancia-academica-en-universidades-canadienses","status":"publish","type":"post","link":"https:\/\/rnoticias.com.mx\/Portal\/2025\/09\/15\/realizan-estudiantes-de-la-unison-estancia-academica-en-universidades-canadienses\/","title":{"rendered":"Realizan estudiantes de la Unison estancia acad\u00e9mica en universidades canadienses"},"content":{"rendered":"<p>Cuatro estudiantes de la Licenciatura en F\u00edsica de la Universidad de Sonora concluyeron exitosamente una estancia de investigaci\u00f3n en diferentes universidades de Canad\u00e1, como parte de la convocatoria Mitacs Global Research Internship, promovida por el gobierno canadiense.<\/p>\n<p>El objetivo de la estancia acad\u00e9mica es fortalecer la formaci\u00f3n acad\u00e9mica de j\u00f3venes universitarios de distintas partes del mundo y busca que los participantes vivan una experiencia de investigaci\u00f3n intensiva en proyectos de frontera, bajo la gu\u00eda de especialistas en distintas \u00e1reas del conocimiento.<\/p>\n<p>Rashid Celeste Daniela S\u00e1nchez Orbe, estudiante del s\u00e9ptimo semestre, particip\u00f3 en el proyecto \u201cCeldas solares de perovskita estables al aire\u201d en la Queen\u2019s University, ubicada en Kingston, Ontario, mientras que Jes\u00fas No\u00e9 L\u00f3pez Villanueva trabaj\u00f3 en el tema \u201cSuperconductividad topol\u00f3gica en cuasicristales\u201d en la Universidad de Saskatchewan, en la ciudad de Saskatoon.<\/p>\n<p>Por su parte, \u00c1ngel Miguel F\u00e9lix Aispuro realiz\u00f3 el \u201cDise\u00f1o de nuevo arreglo para caracterizaci\u00f3n de fibras biopolim\u00e9ricas\u201d en la Dalhousie University, en Halifax, Nueva Escocia, y, finalmente, Luis Roberto Celaya Alv\u00eddrez llev\u00f3 a cabo el proyecto \u201cOptimizaci\u00f3n del proceso de grabado de puntas para un sistema STM de 4 puntas\u201d en la University of British Columbia, en Vancouver, Columbia Brit\u00e1nica.<\/p>\n<p>Los cuatro estudiantes coincidieron en que la estancia fue un punto de inflexi\u00f3n en su formaci\u00f3n, pues, adem\u00e1s de las aportaciones acad\u00e9micas, represent\u00f3 una experiencia cultural y personal invaluable al convivir con comunidades acad\u00e9micas diversas, intercambiando ideas y metodolog\u00edas de investigaci\u00f3n con j\u00f3venes y docentes de distintas partes del mundo.<\/p>\n<p>Rashid S\u00e1nchez Orbe explic\u00f3 que la participaci\u00f3n en esta experiencia le permiti\u00f3 ampliar su visi\u00f3n profesional.<\/p>\n<p>\u201cFuimos seleccionados por esta convocatoria y cada uno trabaj\u00f3 con un profesor diferente en \u00e1reas diversas. En mi caso, estuve en un Laboratorio de Ciencia de Materiales desarrollando celdas solares y realizando an\u00e1lisis de datos; m\u00e1s all\u00e1 de lo acad\u00e9mico, esta experiencia me dio confianza para comunicarme en otro idioma y descubrir oportunidades profesionales tanto en M\u00e9xico como en el extranjero\u201d, relat\u00f3.<\/p>\n<p>\u00c1ngel F\u00e9lix Aispuro destac\u00f3 que las estancias se realzaron en distintas fechas, pero las duraciones que rondaron las 12 semanas en todos los casos, cumpliendo lo marcado en la convocatoria.<\/p>\n<p>El apoyo de la Universidad de Sonora fue clave en el proceso, subray\u00f3, pues el Departamento de F\u00edsica los respald\u00f3 econ\u00f3micamente cubriendo los vuelos y tambi\u00e9n los apoy\u00f3 en la preparaci\u00f3n previa con proyectos de investigaci\u00f3n.<\/p>\n<p>\u201cFue una vivencia incre\u00edble porque aprend\u00ed otras formas de hacer ciencia, adem\u00e1s de establecer contactos que en el futuro pueden abrirme camino en estudios de posgrado o en la industria\u201d, consider\u00f3.<\/p>\n<p>&nbsp;<\/p>\n","protected":false},"excerpt":{"rendered":"<p>Cuatro estudiantes de la Licenciatura en F\u00edsica de la Universidad de Sonora concluyeron exitosamente una estancia de investigaci\u00f3n en diferentes universidades de Canad\u00e1, como parte de la convocatoria Mitacs Global Research Internship, promovida por el gobierno canadiense. El objetivo de la estancia acad\u00e9mica es fortalecer la formaci\u00f3n acad\u00e9mica de j\u00f3venes universitarios de distintas partes del [&hellip;]<\/p>\n","protected":false},"author":2,"featured_media":229474,"comment_status":"closed","ping_status":"closed","sticky":false,"template":"","format":"standard","meta":{"footnotes":""},"categories":[178],"tags":[12869],"class_list":["post-229473","post","type-post","status-publish","format-standard","has-post-thumbnail","hentry","category-local","tag-local"],"jetpack_featured_media_url":"https:\/\/rnoticias.com.mx\/Portal\/wp-content\/uploads\/2025\/09\/ESTUDIANTES-DE-UNISON-ESTANCIA-EN-CANADA-1.jpg","amp_enabled":true,"_links":{"self":[{"href":"https:\/\/rnoticias.com.mx\/Portal\/wp-json\/wp\/v2\/posts\/229473","targetHints":{"allow":["GET"]}}],"collection":[{"href":"https:\/\/rnoticias.com.mx\/Portal\/wp-json\/wp\/v2\/posts"}],"about":[{"href":"https:\/\/rnoticias.com.mx\/Portal\/wp-json\/wp\/v2\/types\/post"}],"author":[{"embeddable":true,"href":"https:\/\/rnoticias.com.mx\/Portal\/wp-json\/wp\/v2\/users\/2"}],"replies":[{"embeddable":true,"href":"https:\/\/rnoticias.com.mx\/Portal\/wp-json\/wp\/v2\/comments?post=229473"}],"version-history":[{"count":1,"href":"https:\/\/rnoticias.com.mx\/Portal\/wp-json\/wp\/v2\/posts\/229473\/revisions"}],"predecessor-version":[{"id":229475,"href":"https:\/\/rnoticias.com.mx\/Portal\/wp-json\/wp\/v2\/posts\/229473\/revisions\/229475"}],"wp:featuredmedia":[{"embeddable":true,"href":"https:\/\/rnoticias.com.mx\/Portal\/wp-json\/wp\/v2\/media\/229474"}],"wp:attachment":[{"href":"https:\/\/rnoticias.com.mx\/Portal\/wp-json\/wp\/v2\/media?parent=229473"}],"wp:term":[{"taxonomy":"category","embeddable":true,"href":"https:\/\/rnoticias.com.mx\/Portal\/wp-json\/wp\/v2\/categories?post=229473"},{"taxonomy":"post_tag","embeddable":true,"href":"https:\/\/rnoticias.com.mx\/Portal\/wp-json\/wp\/v2\/tags?post=229473"}],"curies":[{"name":"wp","href":"https:\/\/api.w.org\/{rel}","templated":true}]}}