{"id":229470,"date":"2025-09-15T13:13:24","date_gmt":"2025-09-15T20:13:24","guid":{"rendered":"https:\/\/rnoticias.com.mx\/Portal\/?p=229470"},"modified":"2025-09-15T13:13:24","modified_gmt":"2025-09-15T20:13:24","slug":"sube-a-14-la-cifra-de-fallecidos-por-explosion-en-iztapalapa","status":"publish","type":"post","link":"https:\/\/rnoticias.com.mx\/Portal\/2025\/09\/15\/sube-a-14-la-cifra-de-fallecidos-por-explosion-en-iztapalapa\/","title":{"rendered":"Sube a 14 la cifra de fallecidos por explosi\u00f3n en Iztapalapa"},"content":{"rendered":"<p><strong>La Secretar\u00eda de Salud de la Ciudad de M\u00e9xico actualiz\u00f3 el estatus de las v\u00edctimas por la explosi\u00f3n de una pipa de gas en el Puente de la Concordia, en Iztapalapa.<\/strong><\/p>\n<p><mark><strong>Se confirm\u00f3 que la cifra de fallecidos por la tragedia aument\u00f3 a 14 personas.<\/strong><\/mark><\/p>\n<p>Al corte de las 10:00 de la ma\u00f1ana de este lunes 15 de septiembre,\u00a0<strong>se report\u00f3 que 40 personas contin\u00faan internadas en diferentes hospitales de la capital, mientras que 30 personas ya fueron dadas de alta.<\/strong><\/p>\n<p><mark><strong>En la lista se incluyeron los nombres de las 14 personas fallecidas, entre ellas la se\u00f1ora Alicia Mat\u00edas Teodoro, de 49 a\u00f1os, quien falleci\u00f3 el pasado viernes 12 de septiembre,\u00a0<\/strong><\/mark>luego de presentar quemaduras en m\u00e1s del 90% de su cuerpo, tras proteger a su nieta de dos a\u00f1os durante la explosi\u00f3n.<\/p>\n<p><strong>Asimismo, se incluyen los nombres de Armando Antill\u00f3n Ch\u00e1vez, de 45 a\u00f1os; Daniela Barrag\u00e1n, de 19 a\u00f1os;<\/strong>\u00a0Misael Cano Rodr\u00edguez, de 39 a\u00f1os; Irving Uriel Carrillo Reyes, de 20 a\u00f1os; Carlos Iv\u00e1n Contreras Salinas, de 29 a\u00f1os; Juan Carlos Bonilla S\u00e1nchez, de 40 a\u00f1os; Oscar Rub\u00e9n Uriel Cortez Cisneros, de 57 a\u00f1os; Eduardo Noe Garc\u00eda Morales; Jos\u00e9 Gabriel Hern\u00e1ndez Mendez de 17 a\u00f1os; Juan Antonio Hern\u00e1ndez Betancourt; Jorge Islas Flores; Carlos S\u00e1nchez Blas, de 15 a\u00f1os; y Jes\u00fas Jos\u00e9 Tovar Garc\u00eda de 40 a\u00f1os.<\/p>\n","protected":false},"excerpt":{"rendered":"<p>La Secretar\u00eda de Salud de la Ciudad de M\u00e9xico actualiz\u00f3 el estatus de las v\u00edctimas por la explosi\u00f3n de una pipa de gas en el Puente de la Concordia, en Iztapalapa. Se confirm\u00f3 que la cifra de fallecidos por la tragedia aument\u00f3 a 14 personas. Al corte de las 10:00 de la ma\u00f1ana de este [&hellip;]<\/p>\n","protected":false},"author":2,"featured_media":229471,"comment_status":"closed","ping_status":"closed","sticky":false,"template":"","format":"standard","meta":{"footnotes":""},"categories":[12870,172],"tags":[12865,12874],"class_list":["post-229470","post","type-post","status-publish","format-standard","has-post-thumbnail","hentry","category-destacadas","category-nacional","tag-destacadas","tag-nacional"],"jetpack_featured_media_url":"https:\/\/rnoticias.com.mx\/Portal\/wp-content\/uploads\/2025\/09\/sube-a-14-muertos-la-cifra-tras-explosion-en-el-puente-de-la-concordia-1200x675-1.webp","amp_enabled":true,"_links":{"self":[{"href":"https:\/\/rnoticias.com.mx\/Portal\/wp-json\/wp\/v2\/posts\/229470","targetHints":{"allow":["GET"]}}],"collection":[{"href":"https:\/\/rnoticias.com.mx\/Portal\/wp-json\/wp\/v2\/posts"}],"about":[{"href":"https:\/\/rnoticias.com.mx\/Portal\/wp-json\/wp\/v2\/types\/post"}],"author":[{"embeddable":true,"href":"https:\/\/rnoticias.com.mx\/Portal\/wp-json\/wp\/v2\/users\/2"}],"replies":[{"embeddable":true,"href":"https:\/\/rnoticias.com.mx\/Portal\/wp-json\/wp\/v2\/comments?post=229470"}],"version-history":[{"count":1,"href":"https:\/\/rnoticias.com.mx\/Portal\/wp-json\/wp\/v2\/posts\/229470\/revisions"}],"predecessor-version":[{"id":229472,"href":"https:\/\/rnoticias.com.mx\/Portal\/wp-json\/wp\/v2\/posts\/229470\/revisions\/229472"}],"wp:featuredmedia":[{"embeddable":true,"href":"https:\/\/rnoticias.com.mx\/Portal\/wp-json\/wp\/v2\/media\/229471"}],"wp:attachment":[{"href":"https:\/\/rnoticias.com.mx\/Portal\/wp-json\/wp\/v2\/media?parent=229470"}],"wp:term":[{"taxonomy":"category","embeddable":true,"href":"https:\/\/rnoticias.com.mx\/Portal\/wp-json\/wp\/v2\/categories?post=229470"},{"taxonomy":"post_tag","embeddable":true,"href":"https:\/\/rnoticias.com.mx\/Portal\/wp-json\/wp\/v2\/tags?post=229470"}],"curies":[{"name":"wp","href":"https:\/\/api.w.org\/{rel}","templated":true}]}}