{"id":229464,"date":"2025-09-15T13:08:22","date_gmt":"2025-09-15T20:08:22","guid":{"rendered":"https:\/\/rnoticias.com.mx\/Portal\/?p=229464"},"modified":"2025-09-15T13:08:22","modified_gmt":"2025-09-15T20:08:22","slug":"gobierno-de-sonora-lleva-programas-preventivos-a-familias-en-comunidades-rurales","status":"publish","type":"post","link":"https:\/\/rnoticias.com.mx\/Portal\/2025\/09\/15\/gobierno-de-sonora-lleva-programas-preventivos-a-familias-en-comunidades-rurales\/","title":{"rendered":"Gobierno de Sonora lleva programas preventivos a familias en comunidades rurales"},"content":{"rendered":"<p align=\"left\">Bacanora, Sonora; 15 de septiembre de 2025.- Para promover la prevenci\u00f3n de la violencia y fomentar la denuncia del delito, la Secretar\u00eda de Seguridad P\u00fablica (SSP) del Gobierno de Sonora lleva pl\u00e1ticas a familias de Bacanora, Sahuaripa, Tepache y Divisaderos.<\/p>\n<p align=\"left\">\n<p align=\"left\">El grupo especializado en el Sistema de Atenci\u00f3n a la Violencia Familiar y de G\u00e9nero (SALVA) de la Polic\u00eda Estatal de Seguridad P\u00fablica (PESP) se reuni\u00f3 en la plaza p\u00fablica de Bacanora para convivir con las familias, informar sobre c\u00f3mo prevenir la violencia y hacer uso de la l\u00ednea de emergencias 9-1-1 y 089 para denuncia an\u00f3nima.<\/p>\n<p align=\"left\">\n<p align=\"left\">Tambi\u00e9n visitaron la Escuela Primaria Comunitaria Conafe y la Telesecundaria 208 en Bacanora, para dar a conocer la importancia de denunciar la violencia familiar, acoso, ciberbullying, grooming, prevenci\u00f3n del suicidio y acciones preventivas que realiza el programa SALVA para proteger a las v\u00edctimas de estos delitos.<\/p>\n<p align=\"left\">\n<p align=\"left\">Estas pl\u00e1ticas se replicar\u00e1n durante la semana en Sahuaripa, Tepache y Divisaderos, donde se busca informar a la poblaci\u00f3n sobre los delitos y las herramientas con las que se cuenta por parte de la SSP y dependencias del Gobierno de Sonora para atender y salvaguardar a la ciudadan\u00eda.<\/p>\n","protected":false},"excerpt":{"rendered":"<p>Bacanora, Sonora; 15 de septiembre de 2025.- Para promover la prevenci\u00f3n de la violencia y fomentar la denuncia del delito, la Secretar\u00eda de Seguridad P\u00fablica (SSP) del Gobierno de Sonora lleva pl\u00e1ticas a familias de Bacanora, Sahuaripa, Tepache y Divisaderos. El grupo especializado en el Sistema de Atenci\u00f3n a la Violencia Familiar y de G\u00e9nero [&hellip;]<\/p>\n","protected":false},"author":2,"featured_media":229465,"comment_status":"closed","ping_status":"closed","sticky":false,"template":"","format":"standard","meta":{"footnotes":""},"categories":[174],"tags":[12873],"class_list":["post-229464","post","type-post","status-publish","format-standard","has-post-thumbnail","hentry","category-estatal","tag-estatal"],"jetpack_featured_media_url":"https:\/\/rnoticias.com.mx\/Portal\/wp-content\/uploads\/2025\/09\/9ui.jpg","amp_enabled":true,"_links":{"self":[{"href":"https:\/\/rnoticias.com.mx\/Portal\/wp-json\/wp\/v2\/posts\/229464","targetHints":{"allow":["GET"]}}],"collection":[{"href":"https:\/\/rnoticias.com.mx\/Portal\/wp-json\/wp\/v2\/posts"}],"about":[{"href":"https:\/\/rnoticias.com.mx\/Portal\/wp-json\/wp\/v2\/types\/post"}],"author":[{"embeddable":true,"href":"https:\/\/rnoticias.com.mx\/Portal\/wp-json\/wp\/v2\/users\/2"}],"replies":[{"embeddable":true,"href":"https:\/\/rnoticias.com.mx\/Portal\/wp-json\/wp\/v2\/comments?post=229464"}],"version-history":[{"count":1,"href":"https:\/\/rnoticias.com.mx\/Portal\/wp-json\/wp\/v2\/posts\/229464\/revisions"}],"predecessor-version":[{"id":229466,"href":"https:\/\/rnoticias.com.mx\/Portal\/wp-json\/wp\/v2\/posts\/229464\/revisions\/229466"}],"wp:featuredmedia":[{"embeddable":true,"href":"https:\/\/rnoticias.com.mx\/Portal\/wp-json\/wp\/v2\/media\/229465"}],"wp:attachment":[{"href":"https:\/\/rnoticias.com.mx\/Portal\/wp-json\/wp\/v2\/media?parent=229464"}],"wp:term":[{"taxonomy":"category","embeddable":true,"href":"https:\/\/rnoticias.com.mx\/Portal\/wp-json\/wp\/v2\/categories?post=229464"},{"taxonomy":"post_tag","embeddable":true,"href":"https:\/\/rnoticias.com.mx\/Portal\/wp-json\/wp\/v2\/tags?post=229464"}],"curies":[{"name":"wp","href":"https:\/\/api.w.org\/{rel}","templated":true}]}}