{"id":229455,"date":"2025-09-15T13:05:10","date_gmt":"2025-09-15T20:05:10","guid":{"rendered":"https:\/\/rnoticias.com.mx\/Portal\/?p=229455"},"modified":"2025-09-15T13:05:10","modified_gmt":"2025-09-15T20:05:10","slug":"gobierno-de-sonora-fortalece-capacitacion-de-docentes-universitarios-para-el-uso-de-tecnologia-laser-utguaymas","status":"publish","type":"post","link":"https:\/\/rnoticias.com.mx\/Portal\/2025\/09\/15\/gobierno-de-sonora-fortalece-capacitacion-de-docentes-universitarios-para-el-uso-de-tecnologia-laser-utguaymas\/","title":{"rendered":"Gobierno de Sonora fortalece capacitaci\u00f3n de docentes universitarios para el uso de tecnolog\u00eda l\u00e1ser: UTGuaymas"},"content":{"rendered":"<p>Guaymas, Sonora; 15 de septiembre de 2025.- Ante el incremento en el uso de l\u00e1seres para una diversidad de procesos y aplicaciones en los sectores productivo e industrial, el Gobierno de Sonora impulsa la capacitaci\u00f3n de personal docente de instituciones universitarias para formar a los futuros profesionistas en \u00e1reas estrat\u00e9gicas.<\/p>\n<p>La Universidad Tecnol\u00f3gica de Guaymas (UTG) llev\u00f3 a cabo un curso de capacitaci\u00f3n especializada en el uso y manejo de tecnolog\u00eda l\u00e1ser, orientado a reforzar las competencias t\u00e9cnicas y acad\u00e9micas de docentes de las carreras de Ingenier\u00eda.<\/p>\n<p>Javier Carrizalez Salazar, rector de la UTG, detall\u00f3 que la actividad estuvo a cargo del maestro Jos\u00e9 Alberto Peinado Oroz, quien comparti\u00f3 conocimientos y pr\u00e1cticas que permitir\u00e1n la integraci\u00f3n de nuevas herramientas de vanguardia en los m\u00e9todos de ense\u00f1anza.<\/p>\n<p>La capacitaci\u00f3n representa un paso fundamental para asegurar que los estudiantes cuenten con profesores mejor preparados en el \u00e1rea de tecnolog\u00edas avanzadas, lo que impulsar\u00e1 la calidad educativa y el desarrollo de habilidades pr\u00e1cticas de alto nivel.<\/p>\n<p>Autoridades universitarias subrayaron que \u201cla actualizaci\u00f3n constante de los docentes es clave para garantizar programas educativos innovadores y alineados a las demandas del sector productivo\u201d.<\/p>\n<p>Con estas iniciativas, la UTG consolida su objetivo de ofrecer programas educativos actualizados y pertinentes, respondiendo a los retos tecnol\u00f3gicos que demanda la industria en la regi\u00f3n.<\/p>\n","protected":false},"excerpt":{"rendered":"<p>Guaymas, Sonora; 15 de septiembre de 2025.- Ante el incremento en el uso de l\u00e1seres para una diversidad de procesos y aplicaciones en los sectores productivo e industrial, el Gobierno de Sonora impulsa la capacitaci\u00f3n de personal docente de instituciones universitarias para formar a los futuros profesionistas en \u00e1reas estrat\u00e9gicas. La Universidad Tecnol\u00f3gica de Guaymas [&hellip;]<\/p>\n","protected":false},"author":2,"featured_media":229456,"comment_status":"closed","ping_status":"closed","sticky":false,"template":"","format":"standard","meta":{"footnotes":""},"categories":[174],"tags":[12873],"class_list":["post-229455","post","type-post","status-publish","format-standard","has-post-thumbnail","hentry","category-estatal","tag-estatal"],"jetpack_featured_media_url":"https:\/\/rnoticias.com.mx\/Portal\/wp-content\/uploads\/2025\/09\/3e.jpg","amp_enabled":true,"_links":{"self":[{"href":"https:\/\/rnoticias.com.mx\/Portal\/wp-json\/wp\/v2\/posts\/229455","targetHints":{"allow":["GET"]}}],"collection":[{"href":"https:\/\/rnoticias.com.mx\/Portal\/wp-json\/wp\/v2\/posts"}],"about":[{"href":"https:\/\/rnoticias.com.mx\/Portal\/wp-json\/wp\/v2\/types\/post"}],"author":[{"embeddable":true,"href":"https:\/\/rnoticias.com.mx\/Portal\/wp-json\/wp\/v2\/users\/2"}],"replies":[{"embeddable":true,"href":"https:\/\/rnoticias.com.mx\/Portal\/wp-json\/wp\/v2\/comments?post=229455"}],"version-history":[{"count":1,"href":"https:\/\/rnoticias.com.mx\/Portal\/wp-json\/wp\/v2\/posts\/229455\/revisions"}],"predecessor-version":[{"id":229457,"href":"https:\/\/rnoticias.com.mx\/Portal\/wp-json\/wp\/v2\/posts\/229455\/revisions\/229457"}],"wp:featuredmedia":[{"embeddable":true,"href":"https:\/\/rnoticias.com.mx\/Portal\/wp-json\/wp\/v2\/media\/229456"}],"wp:attachment":[{"href":"https:\/\/rnoticias.com.mx\/Portal\/wp-json\/wp\/v2\/media?parent=229455"}],"wp:term":[{"taxonomy":"category","embeddable":true,"href":"https:\/\/rnoticias.com.mx\/Portal\/wp-json\/wp\/v2\/categories?post=229455"},{"taxonomy":"post_tag","embeddable":true,"href":"https:\/\/rnoticias.com.mx\/Portal\/wp-json\/wp\/v2\/tags?post=229455"}],"curies":[{"name":"wp","href":"https:\/\/api.w.org\/{rel}","templated":true}]}}