{"id":229452,"date":"2025-09-15T12:38:02","date_gmt":"2025-09-15T19:38:02","guid":{"rendered":"https:\/\/rnoticias.com.mx\/Portal\/?p=229452"},"modified":"2025-09-15T12:38:02","modified_gmt":"2025-09-15T19:38:02","slug":"south-park-elimina-episodio-donde-se-burla-de-charlie-kirk","status":"publish","type":"post","link":"https:\/\/rnoticias.com.mx\/Portal\/2025\/09\/15\/south-park-elimina-episodio-donde-se-burla-de-charlie-kirk\/","title":{"rendered":"&#8220;South Park&#8221; elimina episodio donde se burla de Charlie Kirk"},"content":{"rendered":"<p>El asesinato del influencer y activista conservador de 31 a\u00f1os, Charlie Kirk, el pasado mi\u00e9rcoles 10 de septiembre, que sucedi\u00f3 durante una charla en la Universidad del Valle de Utah (UVU),\u00a0<mark><strong>ha generado gran conmoci\u00f3n entre la comunidad estadounidense,\u00a0<\/strong><\/mark>especialmente entre los simpatizantes ultraderechistas.<\/p>\n<p>Debido a esto, en los \u00faltimos d\u00edas\u00a0<strong>algunas personas se han pronunciado en contra del programa\u00a0<\/strong><i><strong>South Park<\/strong><\/i>\u00a0por su discurso burlesco y narrativa sat\u00edrica, en la que suele hacer parodias de los personajes pol\u00edticos m\u00e1s reconocidos y controversiales.<\/p>\n<h2><i>South Park<\/i>\u00a0elimina episodio donde se mofa de Charlie Klirk<\/h2>\n<p>Ante ello, el canal de comedia estadounidense Comedy Central\u00a0<strong>tom\u00f3 la decisi\u00f3n de retirar de sus retransmisiones el segundo episodio de la temporada 27<\/strong>\u00a0titulado &#8220;Got a Nut&#8221;, estrenado el pasado mi\u00e9rcoles 6 de agosto y\u00a0<mark><strong>en el que hace una parodia al activista de ultraderecha.<\/strong><\/mark><\/p>\n<p>&nbsp;<\/p>\n<h2>\u00bfDe qu\u00e9 trata el episodio?<\/h2>\n<p>En el cap\u00edtulo titulado &#8220;Got a Nut&#8221;, la trama sigue a Erick Cartman, quien se convierte en &#8220;podcaster&#8221; de derecha luego de enterarse de que Clyde Donovan, otro estudiante de la escuela primaria de South Park, abri\u00f3 un podcast en el que\u00a0<strong>lanzaba comentarios pol\u00e9micos y ataques hacia lo que \u00e9l calificaba como &#8220;estudiantes woke&#8221;.<\/strong><\/p>\n<p>En la parodia,\u00a0<mark><strong>Cartman repite las din\u00e1micas y ejercicios t\u00edpicos del activista<\/strong><\/mark>, quien se dedicaba a recorrer los campus universitarios debatiendo con estudiantes progresistas y compartiendo valores de extrema derecha.<\/p>\n<p>Luego del lanzamiento del episodio, Kirk declar\u00f3 para el medio norteamericano,\u00a0<i>Fox News<\/i>, que\u00a0<mark><strong>consideraba su parodia en la serie, de la cual se declar\u00f3 fan\u00e1tico, como una &#8220;insignia de honor&#8221;.<\/strong><\/mark>\u00a0Finalmente, el episodio a\u00fan est\u00e1 disponible en el cat\u00e1logo de la plataforma streaming de Paramount+ y de acuerdo con\u00a0<i>The Hollywood Reporter<\/i>,\u00a0<strong>el canal no incluir\u00e1 dicho episodio en su programaci\u00f3n en un futuro cercano.<\/strong><\/p>\n","protected":false},"excerpt":{"rendered":"<p>El asesinato del influencer y activista conservador de 31 a\u00f1os, Charlie Kirk, el pasado mi\u00e9rcoles 10 de septiembre, que sucedi\u00f3 durante una charla en la Universidad del Valle de Utah (UVU),\u00a0ha generado gran conmoci\u00f3n entre la comunidad estadounidense,\u00a0especialmente entre los simpatizantes ultraderechistas. Debido a esto, en los \u00faltimos d\u00edas\u00a0algunas personas se han pronunciado en contra [&hellip;]<\/p>\n","protected":false},"author":2,"featured_media":229453,"comment_status":"closed","ping_status":"closed","sticky":false,"template":"","format":"standard","meta":{"footnotes":""},"categories":[12870,219],"tags":[12865,12875],"class_list":["post-229452","post","type-post","status-publish","format-standard","has-post-thumbnail","hentry","category-destacadas","category-espectaculos","tag-destacadas","tag-espectaculos"],"jetpack_featured_media_url":"https:\/\/rnoticias.com.mx\/Portal\/wp-content\/uploads\/2025\/09\/393wk.webp","amp_enabled":true,"_links":{"self":[{"href":"https:\/\/rnoticias.com.mx\/Portal\/wp-json\/wp\/v2\/posts\/229452","targetHints":{"allow":["GET"]}}],"collection":[{"href":"https:\/\/rnoticias.com.mx\/Portal\/wp-json\/wp\/v2\/posts"}],"about":[{"href":"https:\/\/rnoticias.com.mx\/Portal\/wp-json\/wp\/v2\/types\/post"}],"author":[{"embeddable":true,"href":"https:\/\/rnoticias.com.mx\/Portal\/wp-json\/wp\/v2\/users\/2"}],"replies":[{"embeddable":true,"href":"https:\/\/rnoticias.com.mx\/Portal\/wp-json\/wp\/v2\/comments?post=229452"}],"version-history":[{"count":1,"href":"https:\/\/rnoticias.com.mx\/Portal\/wp-json\/wp\/v2\/posts\/229452\/revisions"}],"predecessor-version":[{"id":229454,"href":"https:\/\/rnoticias.com.mx\/Portal\/wp-json\/wp\/v2\/posts\/229452\/revisions\/229454"}],"wp:featuredmedia":[{"embeddable":true,"href":"https:\/\/rnoticias.com.mx\/Portal\/wp-json\/wp\/v2\/media\/229453"}],"wp:attachment":[{"href":"https:\/\/rnoticias.com.mx\/Portal\/wp-json\/wp\/v2\/media?parent=229452"}],"wp:term":[{"taxonomy":"category","embeddable":true,"href":"https:\/\/rnoticias.com.mx\/Portal\/wp-json\/wp\/v2\/categories?post=229452"},{"taxonomy":"post_tag","embeddable":true,"href":"https:\/\/rnoticias.com.mx\/Portal\/wp-json\/wp\/v2\/tags?post=229452"}],"curies":[{"name":"wp","href":"https:\/\/api.w.org\/{rel}","templated":true}]}}